{"id":1940,"date":"2018-07-30T19:38:47","date_gmt":"2018-07-30T17:38:47","guid":{"rendered":"https:\/\/www.ipis.md\/?p=1940"},"modified":"2021-09-07T22:10:52","modified_gmt":"2021-09-07T20:10:52","slug":"cercetare-sociologica-privind-participarea-minoritatilor-etnice-in-viata-politica","status":"publish","type":"post","link":"https:\/\/www.ipis.md\/en\/2018\/07\/30\/cercetare-sociologica-privind-participarea-minoritatilor-etnice-in-viata-politica\/","title":{"rendered":"Research project on National Minority Participation in Public Life in Moldova"},"content":{"rendered":"<p>IPIS partnered up with the Institute for European Policies and Reforms (IPRE) to implement a research project on National Minority Participation in Public Life in Moldova. The research, commissioned by the OSCE High Commissioner for National Minorities, will serve as an important stage in the implementation of the new National Strategy for Consolidation of Interethnic Relations, adopted by the Parliament of Moldova in 2017.<\/p>\n<p>Project implementation period: August 2018 &#8211; December 2019.<br \/>\nTotal budget: EUR 28,000<\/p>","protected":false},"excerpt":{"rendered":"<p>IPIS partnered up with the Institute for European Policies and Reforms (IPRE) to implement a research project on National Minority Participation in Public Life in Moldova. The research, commissioned by the OSCE High Commissioner for National Minorities, will serve as an important stage in the implementation of the new National Strategy for Consolidation of Interethnic Relations, adopted by the Parliament of Moldova in 2017.<\/p>\n<p>Project implementation period: August 2018 &#8211; December 2019.<\/p>\n<p>Total budget: EUR 28,000<\/p>\n","protected":false},"author":2,"featured_media":0,"comment_status":"open","ping_status":"open","sticky":false,"template":"","format":"standard","meta":{"footnotes":""},"categories":[48,33],"tags":[],"class_list":["post-1940","post","type-post","status-publish","format-standard","hentry","category-administratie-publica-si-guvernare-eficienta","category-33"],"yoast_head":"<!-- This site is optimized with the Yoast SEO plugin v25.8 - https:\/\/yoast.com\/wordpress\/plugins\/seo\/ -->\n<title>Research project on National Minority Participation in Public Life in Moldova - Institutul pentru Ini\u021biative Strategice<\/title>\n<meta name=\"robots\" content=\"index, follow, max-snippet:-1, max-image-preview:large, max-video-preview:-1\" \/>\n<link rel=\"canonical\" href=\"https:\/\/www.ipis.md\/2018\/07\/30\/cercetare-sociologica-privind-participarea-minoritatilor-etnice-in-viata-politica\/\" \/>\n<meta property=\"og:locale\" content=\"en_US\" \/>\n<meta property=\"og:type\" content=\"article\" \/>\n<meta property=\"og:title\" content=\"Research project on National Minority Participation in Public Life in Moldova - Institutul pentru Ini\u021biative Strategice\" \/>\n<meta property=\"og:description\" content=\"[:ro]IPIS a \u00eencheiat un parteneriat cu Institutul pentru Politici \u0219i Reforme Europene (IPRE) pentru implementarea unui proiect de cercetare privind participarea minorit\u0103\u021bilor na\u021bionale la via\u021ba public\u0103 din Moldova. Studiul, comandat de \u00cenaltul Comisar al OSCE pentru Minorit\u0103\u021bile Na\u021bionale, va servi ca o etap\u0103 important\u0103 \u00een implementarea noii Strategii Na\u021bionale de Consolidare a Rela\u021biilor Interetnice, adoptat\u0103 de Parlamentul Republicii Moldova \u00een 2017.  Perioada de implementare a proiectului: August 2018 \u2013 Decembrie 2019.  Bugetul total: EUR 28,000[:en]IPIS partnered up with the Institute for European Policies and Reforms (IPRE) to implement a research project on National Minority Participation in Public Life in Moldova. The research, commissioned by the OSCE High Commissioner for National Minorities, will serve as an important stage in the implementation of the new National Strategy for Consolidation of Interethnic Relations, adopted by the Parliament of Moldova in 2017.  Project implementation period: August 2018 - December 2019.  Total budget: EUR 28,000[:ru]\u0418\u043d\u0441\u0442\u0438\u0442\u0443\u0442 \u0441\u0442\u0440\u0430\u0442\u0435\u0433\u0438\u0447\u0435\u0441\u043a\u0438\u0445 \u0438\u043d\u0438\u0446\u0438\u0430\u0442\u0438\u0432 (IPIS) \u0441\u043e\u0432\u043c\u0435\u0441\u0442\u043d\u043e \u0441 \u0418\u043d\u0441\u0442\u0438\u0442\u0443\u0442\u043e\u043c \u0435\u0432\u0440\u043e\u043f\u0435\u0439\u0441\u043a\u0438\u0445 \u043f\u043e\u043b\u0438\u0442\u0438\u043a \u0438 \u0440\u0435\u0444\u043e\u0440\u043c (IPRE) \u0440\u0430\u0431\u043e\u0442\u0430\u0435\u0442 \u043d\u0430\u0434 \u0438\u0441\u0441\u043b\u0435\u0434\u043e\u0432\u0430\u0442\u0435\u043b\u044c\u0441\u043a\u0438\u043c \u043f\u0440\u043e\u0435\u043a\u0442\u043e\u043c, \u0446\u0435\u043b\u044c \u043a\u043e\u0442\u043e\u0440\u043e\u0433\u043e \u043e\u043f\u0440\u0435\u0434\u0435\u043b\u0438\u0442\u044c \u0441\u0442\u0435\u043f\u0435\u043d\u044c \u0443\u0447\u0430\u0441\u0442\u0438\u044f \u043f\u0440\u0435\u0434\u0441\u0442\u0430\u0432\u0438\u0442\u0435\u043b\u0435\u0439 \u043d\u0430\u0446\u0438\u043e\u043d\u0430\u043b\u044c\u043d\u044b\u0445 \u043c\u0435\u043d\u044c\u0448\u0438\u043d\u0441\u0442\u0432 \u0432 \u043e\u0431\u0449\u0435\u0441\u0442\u0432\u0435\u043d\u043d\u043e\u0439 \u0436\u0438\u0437\u043d\u0438 \u041c\u043e\u043b\u0434\u043e\u0432\u044b. \u0418\u0441\u0441\u043b\u0435\u0434\u043e\u0432\u0430\u043d\u0438\u0435, \u043f\u0440\u043e\u0432\u043e\u0434\u0438\u0442\u0441\u044f \u043f\u043e \u043f\u043e\u0440\u0443\u0447\u0435\u043d\u0438\u044e \u0412\u0435\u0440\u0445\u043e\u0432\u043d\u043e\u0433\u043e \u043a\u043e\u043c\u0438\u0441\u0441\u0430\u0440\u0430 \u041e\u0411\u0421\u0415 \u043f\u043e \u0434\u0435\u043b\u0430\u043c \u043d\u0430\u0446\u0438\u043e\u043d\u0430\u043b\u044c\u043d\u044b\u0445 \u043c\u0435\u043d\u044c\u0448\u0438\u043d\u0441\u0442\u0432, \u043e\u043d\u043e \u0441\u0442\u0430\u043d\u0435\u0442 \u0432\u0430\u0436\u043d\u044b\u043c \u044d\u0442\u0430\u043f\u043e\u043c \u0432 \u043e\u0441\u0443\u0449\u0435\u0441\u0442\u0432\u043b\u0435\u043d\u0438\u0438 \u043d\u043e\u0432\u043e\u0439 \u041d\u0430\u0446\u0438\u043e\u043d\u0430\u043b\u044c\u043d\u043e\u0439 \u0441\u0442\u0440\u0430\u0442\u0435\u0433\u0438\u0438 \u043a\u043e\u043d\u0441\u043e\u043b\u0438\u0434\u0430\u0446\u0438\u0438 \u043c\u0435\u0436\u044d\u0442\u043d\u0438\u0447\u0435\u0441\u043a\u0438\u0445 \u043e\u0442\u043d\u043e\u0448\u0435\u043d\u0438\u0439, \u043f\u0440\u0438\u043d\u044f\u0442\u043e\u0439 \u043f\u0430\u0440\u043b\u0430\u043c\u0435\u043d\u0442\u043e\u043c \u041c\u043e\u043b\u0434\u043e\u0432\u044b \u0432 2017 \u0433\u043e\u0434\u0443.  \u0421\u0440\u043e\u043a \u0440\u0435\u0430\u043b\u0438\u0437\u0430\u0446\u0438\u0438 \u043f\u0440\u043e\u0435\u043a\u0442\u0430: \u0430\u0432\u0433\u0443\u0441\u0442 2018 \u0433. - \u0434\u0435\u043a\u0430\u0431\u0440\u044c 2019 \u0433.  \u041e\u0431\u0449\u0438\u0439 \u0431\u044e\u0434\u0436\u0435\u0442: 28 000 \u0435\u0432\u0440\u043e.[:]\" \/>\n<meta property=\"og:url\" content=\"https:\/\/www.ipis.md\/2018\/07\/30\/cercetare-sociologica-privind-participarea-minoritatilor-etnice-in-viata-politica\/\" \/>\n<meta property=\"og:site_name\" content=\"Institutul pentru Ini\u021biative Strategice\" \/>\n<meta property=\"article:publisher\" content=\"https:\/\/www.facebook.com\/ipismoldova\/\" \/>\n<meta property=\"article:published_time\" content=\"2018-07-30T17:38:47+00:00\" \/>\n<meta property=\"article:modified_time\" content=\"2021-09-07T20:10:52+00:00\" \/>\n<meta property=\"og:image\" content=\"https:\/\/www.ipis.md\/wp-content\/uploads\/2021\/09\/social.jpg\" \/>\n\t<meta property=\"og:image:width\" content=\"1200\" \/>\n\t<meta property=\"og:image:height\" content=\"630\" \/>\n\t<meta property=\"og:image:type\" content=\"image\/jpeg\" \/>\n<meta name=\"author\" content=\"Olari Victoria\" \/>\n<meta name=\"twitter:card\" content=\"summary_large_image\" \/>\n<meta name=\"twitter:label1\" content=\"Written by\" \/>\n\t<meta name=\"twitter:data1\" content=\"Olari Victoria\" \/>\n\t<meta name=\"twitter:label2\" content=\"Est. reading time\" \/>\n\t<meta name=\"twitter:data2\" content=\"1 minute\" \/>\n<script type=\"application\/ld+json\" class=\"yoast-schema-graph\">{\"@context\":\"https:\/\/schema.org\",\"@graph\":[{\"@type\":\"WebPage\",\"@id\":\"https:\/\/www.ipis.md\/2018\/07\/30\/cercetare-sociologica-privind-participarea-minoritatilor-etnice-in-viata-politica\/\",\"url\":\"https:\/\/www.ipis.md\/2018\/07\/30\/cercetare-sociologica-privind-participarea-minoritatilor-etnice-in-viata-politica\/\",\"name\":\"Research project on National Minority Participation in Public Life in Moldova - Institutul pentru Ini\u021biative Strategice\",\"isPartOf\":{\"@id\":\"https:\/\/www.ipis.md\/en\/#website\"},\"datePublished\":\"2018-07-30T17:38:47+00:00\",\"dateModified\":\"2021-09-07T20:10:52+00:00\",\"author\":{\"@id\":\"https:\/\/www.ipis.md\/en\/#\/schema\/person\/e00aef7c68c813b3804296dd3c6dea3d\"},\"breadcrumb\":{\"@id\":\"https:\/\/www.ipis.md\/2018\/07\/30\/cercetare-sociologica-privind-participarea-minoritatilor-etnice-in-viata-politica\/#breadcrumb\"},\"inLanguage\":\"en-US\",\"potentialAction\":[{\"@type\":\"ReadAction\",\"target\":[\"https:\/\/www.ipis.md\/2018\/07\/30\/cercetare-sociologica-privind-participarea-minoritatilor-etnice-in-viata-politica\/\"]}]},{\"@type\":\"BreadcrumbList\",\"@id\":\"https:\/\/www.ipis.md\/2018\/07\/30\/cercetare-sociologica-privind-participarea-minoritatilor-etnice-in-viata-politica\/#breadcrumb\",\"itemListElement\":[{\"@type\":\"ListItem\",\"position\":1,\"name\":\"Home\",\"item\":\"https:\/\/www.ipis.md\/en\/\"},{\"@type\":\"ListItem\",\"position\":2,\"name\":\"Cercetare sociologic\u0103 privind participarea minorit\u0103\u021bilor etnice \u00een via\u021ba politica\"}]},{\"@type\":\"WebSite\",\"@id\":\"https:\/\/www.ipis.md\/en\/#website\",\"url\":\"https:\/\/www.ipis.md\/en\/\",\"name\":\"Institutul pentru Ini\u021biative Strategice\",\"description\":\"\",\"potentialAction\":[{\"@type\":\"SearchAction\",\"target\":{\"@type\":\"EntryPoint\",\"urlTemplate\":\"https:\/\/www.ipis.md\/en\/?s={search_term_string}\"},\"query-input\":{\"@type\":\"PropertyValueSpecification\",\"valueRequired\":true,\"valueName\":\"search_term_string\"}}],\"inLanguage\":\"en-US\"},{\"@type\":\"Person\",\"@id\":\"https:\/\/www.ipis.md\/en\/#\/schema\/person\/e00aef7c68c813b3804296dd3c6dea3d\",\"name\":\"Olari Victoria\",\"image\":{\"@type\":\"ImageObject\",\"inLanguage\":\"en-US\",\"@id\":\"https:\/\/www.ipis.md\/en\/#\/schema\/person\/image\/\",\"url\":\"https:\/\/secure.gravatar.com\/avatar\/2530f73e9a65a7d871deec16b7c8128bee82ec56025b4147cf8cdb61613f9e69?s=96&d=mm&r=g\",\"contentUrl\":\"https:\/\/secure.gravatar.com\/avatar\/2530f73e9a65a7d871deec16b7c8128bee82ec56025b4147cf8cdb61613f9e69?s=96&d=mm&r=g\",\"caption\":\"Olari Victoria\"},\"sameAs\":[\"http:\/\/www.ipis.md\"],\"url\":\"https:\/\/www.ipis.md\/en\/author\/victoria-olariipis-md\/\"}]}<\/script>\n<!-- \/ Yoast SEO plugin. -->","yoast_head_json":{"title":"Research project on National Minority Participation in Public Life in Moldova - Institutul pentru Ini\u021biative Strategice","robots":{"index":"index","follow":"follow","max-snippet":"max-snippet:-1","max-image-preview":"max-image-preview:large","max-video-preview":"max-video-preview:-1"},"canonical":"https:\/\/www.ipis.md\/2018\/07\/30\/cercetare-sociologica-privind-participarea-minoritatilor-etnice-in-viata-politica\/","og_locale":"en_US","og_type":"article","og_title":"Research project on National Minority Participation in Public Life in Moldova - Institutul pentru Ini\u021biative Strategice","og_description":"[:ro]IPIS a \u00eencheiat un parteneriat cu Institutul pentru Politici \u0219i Reforme Europene (IPRE) pentru implementarea unui proiect de cercetare privind participarea minorit\u0103\u021bilor na\u021bionale la via\u021ba public\u0103 din Moldova. Studiul, comandat de \u00cenaltul Comisar al OSCE pentru Minorit\u0103\u021bile Na\u021bionale, va servi ca o etap\u0103 important\u0103 \u00een implementarea noii Strategii Na\u021bionale de Consolidare a Rela\u021biilor Interetnice, adoptat\u0103 de Parlamentul Republicii Moldova \u00een 2017.  Perioada de implementare a proiectului: August 2018 \u2013 Decembrie 2019.  Bugetul total: EUR 28,000[:en]IPIS partnered up with the Institute for European Policies and Reforms (IPRE) to implement a research project on National Minority Participation in Public Life in Moldova. The research, commissioned by the OSCE High Commissioner for National Minorities, will serve as an important stage in the implementation of the new National Strategy for Consolidation of Interethnic Relations, adopted by the Parliament of Moldova in 2017.  Project implementation period: August 2018 - December 2019.  Total budget: EUR 28,000[:ru]\u0418\u043d\u0441\u0442\u0438\u0442\u0443\u0442 \u0441\u0442\u0440\u0430\u0442\u0435\u0433\u0438\u0447\u0435\u0441\u043a\u0438\u0445 \u0438\u043d\u0438\u0446\u0438\u0430\u0442\u0438\u0432 (IPIS) \u0441\u043e\u0432\u043c\u0435\u0441\u0442\u043d\u043e \u0441 \u0418\u043d\u0441\u0442\u0438\u0442\u0443\u0442\u043e\u043c \u0435\u0432\u0440\u043e\u043f\u0435\u0439\u0441\u043a\u0438\u0445 \u043f\u043e\u043b\u0438\u0442\u0438\u043a \u0438 \u0440\u0435\u0444\u043e\u0440\u043c (IPRE) \u0440\u0430\u0431\u043e\u0442\u0430\u0435\u0442 \u043d\u0430\u0434 \u0438\u0441\u0441\u043b\u0435\u0434\u043e\u0432\u0430\u0442\u0435\u043b\u044c\u0441\u043a\u0438\u043c \u043f\u0440\u043e\u0435\u043a\u0442\u043e\u043c, \u0446\u0435\u043b\u044c \u043a\u043e\u0442\u043e\u0440\u043e\u0433\u043e \u043e\u043f\u0440\u0435\u0434\u0435\u043b\u0438\u0442\u044c \u0441\u0442\u0435\u043f\u0435\u043d\u044c \u0443\u0447\u0430\u0441\u0442\u0438\u044f \u043f\u0440\u0435\u0434\u0441\u0442\u0430\u0432\u0438\u0442\u0435\u043b\u0435\u0439 \u043d\u0430\u0446\u0438\u043e\u043d\u0430\u043b\u044c\u043d\u044b\u0445 \u043c\u0435\u043d\u044c\u0448\u0438\u043d\u0441\u0442\u0432 \u0432 \u043e\u0431\u0449\u0435\u0441\u0442\u0432\u0435\u043d\u043d\u043e\u0439 \u0436\u0438\u0437\u043d\u0438 \u041c\u043e\u043b\u0434\u043e\u0432\u044b. \u0418\u0441\u0441\u043b\u0435\u0434\u043e\u0432\u0430\u043d\u0438\u0435, \u043f\u0440\u043e\u0432\u043e\u0434\u0438\u0442\u0441\u044f \u043f\u043e \u043f\u043e\u0440\u0443\u0447\u0435\u043d\u0438\u044e \u0412\u0435\u0440\u0445\u043e\u0432\u043d\u043e\u0433\u043e \u043a\u043e\u043c\u0438\u0441\u0441\u0430\u0440\u0430 \u041e\u0411\u0421\u0415 \u043f\u043e \u0434\u0435\u043b\u0430\u043c \u043d\u0430\u0446\u0438\u043e\u043d\u0430\u043b\u044c\u043d\u044b\u0445 \u043c\u0435\u043d\u044c\u0448\u0438\u043d\u0441\u0442\u0432, \u043e\u043d\u043e \u0441\u0442\u0430\u043d\u0435\u0442 \u0432\u0430\u0436\u043d\u044b\u043c \u044d\u0442\u0430\u043f\u043e\u043c \u0432 \u043e\u0441\u0443\u0449\u0435\u0441\u0442\u0432\u043b\u0435\u043d\u0438\u0438 \u043d\u043e\u0432\u043e\u0439 \u041d\u0430\u0446\u0438\u043e\u043d\u0430\u043b\u044c\u043d\u043e\u0439 \u0441\u0442\u0440\u0430\u0442\u0435\u0433\u0438\u0438 \u043a\u043e\u043d\u0441\u043e\u043b\u0438\u0434\u0430\u0446\u0438\u0438 \u043c\u0435\u0436\u044d\u0442\u043d\u0438\u0447\u0435\u0441\u043a\u0438\u0445 \u043e\u0442\u043d\u043e\u0448\u0435\u043d\u0438\u0439, \u043f\u0440\u0438\u043d\u044f\u0442\u043e\u0439 \u043f\u0430\u0440\u043b\u0430\u043c\u0435\u043d\u0442\u043e\u043c \u041c\u043e\u043b\u0434\u043e\u0432\u044b \u0432 2017 \u0433\u043e\u0434\u0443.  \u0421\u0440\u043e\u043a \u0440\u0435\u0430\u043b\u0438\u0437\u0430\u0446\u0438\u0438 \u043f\u0440\u043e\u0435\u043a\u0442\u0430: \u0430\u0432\u0433\u0443\u0441\u0442 2018 \u0433. - \u0434\u0435\u043a\u0430\u0431\u0440\u044c 2019 \u0433.  \u041e\u0431\u0449\u0438\u0439 \u0431\u044e\u0434\u0436\u0435\u0442: 28 000 \u0435\u0432\u0440\u043e.[:]","og_url":"https:\/\/www.ipis.md\/2018\/07\/30\/cercetare-sociologica-privind-participarea-minoritatilor-etnice-in-viata-politica\/","og_site_name":"Institutul pentru Ini\u021biative Strategice","article_publisher":"https:\/\/www.facebook.com\/ipismoldova\/","article_published_time":"2018-07-30T17:38:47+00:00","article_modified_time":"2021-09-07T20:10:52+00:00","og_image":[{"width":1200,"height":630,"url":"https:\/\/www.ipis.md\/wp-content\/uploads\/2021\/09\/social.jpg","type":"image\/jpeg"}],"author":"Olari Victoria","twitter_card":"summary_large_image","twitter_misc":{"Written by":"Olari Victoria","Est. reading time":"1 minute"},"schema":{"@context":"https:\/\/schema.org","@graph":[{"@type":"WebPage","@id":"https:\/\/www.ipis.md\/2018\/07\/30\/cercetare-sociologica-privind-participarea-minoritatilor-etnice-in-viata-politica\/","url":"https:\/\/www.ipis.md\/2018\/07\/30\/cercetare-sociologica-privind-participarea-minoritatilor-etnice-in-viata-politica\/","name":"Research project on National Minority Participation in Public Life in Moldova - Institutul pentru Ini\u021biative Strategice","isPartOf":{"@id":"https:\/\/www.ipis.md\/en\/#website"},"datePublished":"2018-07-30T17:38:47+00:00","dateModified":"2021-09-07T20:10:52+00:00","author":{"@id":"https:\/\/www.ipis.md\/en\/#\/schema\/person\/e00aef7c68c813b3804296dd3c6dea3d"},"breadcrumb":{"@id":"https:\/\/www.ipis.md\/2018\/07\/30\/cercetare-sociologica-privind-participarea-minoritatilor-etnice-in-viata-politica\/#breadcrumb"},"inLanguage":"en-US","potentialAction":[{"@type":"ReadAction","target":["https:\/\/www.ipis.md\/2018\/07\/30\/cercetare-sociologica-privind-participarea-minoritatilor-etnice-in-viata-politica\/"]}]},{"@type":"BreadcrumbList","@id":"https:\/\/www.ipis.md\/2018\/07\/30\/cercetare-sociologica-privind-participarea-minoritatilor-etnice-in-viata-politica\/#breadcrumb","itemListElement":[{"@type":"ListItem","position":1,"name":"Home","item":"https:\/\/www.ipis.md\/en\/"},{"@type":"ListItem","position":2,"name":"Cercetare sociologic\u0103 privind participarea minorit\u0103\u021bilor etnice \u00een via\u021ba politica"}]},{"@type":"WebSite","@id":"https:\/\/www.ipis.md\/en\/#website","url":"https:\/\/www.ipis.md\/en\/","name":"Institutul pentru Ini\u021biative Strategice","description":"","potentialAction":[{"@type":"SearchAction","target":{"@type":"EntryPoint","urlTemplate":"https:\/\/www.ipis.md\/en\/?s={search_term_string}"},"query-input":{"@type":"PropertyValueSpecification","valueRequired":true,"valueName":"search_term_string"}}],"inLanguage":"en-US"},{"@type":"Person","@id":"https:\/\/www.ipis.md\/en\/#\/schema\/person\/e00aef7c68c813b3804296dd3c6dea3d","name":"Olari Victoria","image":{"@type":"ImageObject","inLanguage":"en-US","@id":"https:\/\/www.ipis.md\/en\/#\/schema\/person\/image\/","url":"https:\/\/secure.gravatar.com\/avatar\/2530f73e9a65a7d871deec16b7c8128bee82ec56025b4147cf8cdb61613f9e69?s=96&d=mm&r=g","contentUrl":"https:\/\/secure.gravatar.com\/avatar\/2530f73e9a65a7d871deec16b7c8128bee82ec56025b4147cf8cdb61613f9e69?s=96&d=mm&r=g","caption":"Olari Victoria"},"sameAs":["http:\/\/www.ipis.md"],"url":"https:\/\/www.ipis.md\/en\/author\/victoria-olariipis-md\/"}]}},"_links":{"self":[{"href":"https:\/\/www.ipis.md\/en\/wp-json\/wp\/v2\/posts\/1940","targetHints":{"allow":["GET"]}}],"collection":[{"href":"https:\/\/www.ipis.md\/en\/wp-json\/wp\/v2\/posts"}],"about":[{"href":"https:\/\/www.ipis.md\/en\/wp-json\/wp\/v2\/types\/post"}],"author":[{"embeddable":true,"href":"https:\/\/www.ipis.md\/en\/wp-json\/wp\/v2\/users\/2"}],"replies":[{"embeddable":true,"href":"https:\/\/www.ipis.md\/en\/wp-json\/wp\/v2\/comments?post=1940"}],"version-history":[{"count":5,"href":"https:\/\/www.ipis.md\/en\/wp-json\/wp\/v2\/posts\/1940\/revisions"}],"predecessor-version":[{"id":2759,"href":"https:\/\/www.ipis.md\/en\/wp-json\/wp\/v2\/posts\/1940\/revisions\/2759"}],"wp:attachment":[{"href":"https:\/\/www.ipis.md\/en\/wp-json\/wp\/v2\/media?parent=1940"}],"wp:term":[{"taxonomy":"category","embeddable":true,"href":"https:\/\/www.ipis.md\/en\/wp-json\/wp\/v2\/categories?post=1940"},{"taxonomy":"post_tag","embeddable":true,"href":"https:\/\/www.ipis.md\/en\/wp-json\/wp\/v2\/tags?post=1940"}],"curies":[{"name":"wp","href":"https:\/\/api.w.org\/{rel}","templated":true}]}}