{"id":1970,"date":"2018-08-02T16:36:05","date_gmt":"2018-08-02T14:36:05","guid":{"rendered":"https:\/\/www.ipis.md\/?p=1970"},"modified":"2018-08-10T13:06:58","modified_gmt":"2018-08-10T11:06:58","slug":"agenda-reala-a-cetatenilor-moldovei-discutata-la-ipis","status":"publish","type":"post","link":"https:\/\/www.ipis.md\/en\/2018\/08\/02\/agenda-reala-a-cetatenilor-moldovei-discutata-la-ipis\/","title":{"rendered":"Consultations on the real agenda of Moldovan citizens, hosted by IPIS"},"content":{"rendered":"<p><\/p>\n<p class=\"p1\">On August 1, IPIS hosted a public discussion dedicated to the real agenda of the citizens of Moldova.\u00a0The participants &#8211; experts in public policy, media, energy and conflict resolution, as well as civic activists, businessmen and political analysts &#8211; exchanged views on topics of actual importance to citizens, as well as topics on the public agenda that do not reflect people&#8217;s interests, but are planted to advance the goals of vested interests.<\/p>\n<p class=\"p1\">The participants covered a wide range of topics, from demographics and access to water, to the quality of education, social security, social cohesion, but also the values shared by those living in Moldova.\u00a0At the end of the discussion, the participants agreed on the need to establish a common agenda, which would seek to give Moldovans the chance to have a better life, including access to quality resources and services and room for personal and professional growth, in their country.<\/p>\n<p class=\"p1\">&#8220;<i>IPIS breaks the traditional patterns for public discussion on topical issues<\/i>,&#8221; says Lucia Aprodu, IPIS program coordinator.\u00a0\u201cWe <i>brought together people with different political visions and very diverse professional paths, which ensured a profound and really interesting discussion, that we hope to continue at the next meetings.<\/i>&#8220;<\/p>\n<p class=\"p1\">The discussion hosted by IPIS is part of a series of public consultations, which will be continued in the coming months as part of the project &#8220;Bridging the Divide between Moldovans \u2013 Building a Real Agenda for Citizens&#8221;, implemented with the support of the European Endowment for Democracy (EED).\u00a0The consultations, which will continue in different regions of the country, will be followed by the production and distribution of several videos dedicated to the real agenda of the Moldovan people, and the publication of a brochure on the same topic.\u00a0For details on the project please contact Lucia Aprodu, project coordinator, at lucia.aprodu@ipis.md.<\/p>\n<div id='gallery-2' class='gallery galleryid-1970 gallery-columns-3 gallery-size-thumbnail'><figure class='gallery-item'>\n\t\t\t<div class='gallery-icon landscape'>\n\t\t\t\t<a href='https:\/\/www.ipis.md\/wp-content\/uploads\/2018\/08\/EED-consultations_11.jpg'><img loading=\"lazy\" decoding=\"async\" width=\"150\" height=\"150\" src=\"https:\/\/www.ipis.md\/wp-content\/uploads\/2018\/08\/EED-consultations_11-150x150.jpg\" class=\"attachment-thumbnail size-thumbnail\" alt=\"\" srcset=\"https:\/\/www.ipis.md\/wp-content\/uploads\/2018\/08\/EED-consultations_11-150x150.jpg 150w, https:\/\/www.ipis.md\/wp-content\/uploads\/2018\/08\/EED-consultations_11-400x400.jpg 400w\" sizes=\"auto, (max-width: 150px) 100vw, 150px\" \/><\/a>\n\t\t\t<\/div><\/figure><figure class='gallery-item'>\n\t\t\t<div class='gallery-icon landscape'>\n\t\t\t\t<a href='https:\/\/www.ipis.md\/wp-content\/uploads\/2018\/08\/EED-consultations_07-1.jpg'><img loading=\"lazy\" decoding=\"async\" width=\"150\" height=\"150\" src=\"https:\/\/www.ipis.md\/wp-content\/uploads\/2018\/08\/EED-consultations_07-1-150x150.jpg\" class=\"attachment-thumbnail size-thumbnail\" alt=\"\" srcset=\"https:\/\/www.ipis.md\/wp-content\/uploads\/2018\/08\/EED-consultations_07-1-150x150.jpg 150w, https:\/\/www.ipis.md\/wp-content\/uploads\/2018\/08\/EED-consultations_07-1-400x400.jpg 400w\" sizes=\"auto, (max-width: 150px) 100vw, 150px\" \/><\/a>\n\t\t\t<\/div><\/figure><figure class='gallery-item'>\n\t\t\t<div class='gallery-icon landscape'>\n\t\t\t\t<a href='https:\/\/www.ipis.md\/wp-content\/uploads\/2018\/08\/EED-consultations_04-1.jpg'><img loading=\"lazy\" decoding=\"async\" width=\"150\" height=\"150\" src=\"https:\/\/www.ipis.md\/wp-content\/uploads\/2018\/08\/EED-consultations_04-1-150x150.jpg\" class=\"attachment-thumbnail size-thumbnail\" alt=\"\" srcset=\"https:\/\/www.ipis.md\/wp-content\/uploads\/2018\/08\/EED-consultations_04-1-150x150.jpg 150w, https:\/\/www.ipis.md\/wp-content\/uploads\/2018\/08\/EED-consultations_04-1-400x400.jpg 400w\" sizes=\"auto, (max-width: 150px) 100vw, 150px\" \/><\/a>\n\t\t\t<\/div><\/figure><figure class='gallery-item'>\n\t\t\t<div class='gallery-icon landscape'>\n\t\t\t\t<a href='https:\/\/www.ipis.md\/wp-content\/uploads\/2018\/08\/EED-consultations_05.jpg'><img loading=\"lazy\" decoding=\"async\" width=\"150\" height=\"150\" src=\"https:\/\/www.ipis.md\/wp-content\/uploads\/2018\/08\/EED-consultations_05-150x150.jpg\" class=\"attachment-thumbnail size-thumbnail\" alt=\"\" srcset=\"https:\/\/www.ipis.md\/wp-content\/uploads\/2018\/08\/EED-consultations_05-150x150.jpg 150w, https:\/\/www.ipis.md\/wp-content\/uploads\/2018\/08\/EED-consultations_05-400x400.jpg 400w\" sizes=\"auto, (max-width: 150px) 100vw, 150px\" \/><\/a>\n\t\t\t<\/div><\/figure><figure class='gallery-item'>\n\t\t\t<div class='gallery-icon landscape'>\n\t\t\t\t<a href='https:\/\/www.ipis.md\/wp-content\/uploads\/2018\/08\/EED-consultations_06.jpg'><img loading=\"lazy\" decoding=\"async\" width=\"150\" height=\"150\" src=\"https:\/\/www.ipis.md\/wp-content\/uploads\/2018\/08\/EED-consultations_06-150x150.jpg\" class=\"attachment-thumbnail size-thumbnail\" alt=\"\" srcset=\"https:\/\/www.ipis.md\/wp-content\/uploads\/2018\/08\/EED-consultations_06-150x150.jpg 150w, https:\/\/www.ipis.md\/wp-content\/uploads\/2018\/08\/EED-consultations_06-400x400.jpg 400w\" sizes=\"auto, (max-width: 150px) 100vw, 150px\" \/><\/a>\n\t\t\t<\/div><\/figure><figure class='gallery-item'>\n\t\t\t<div class='gallery-icon landscape'>\n\t\t\t\t<a href='https:\/\/www.ipis.md\/wp-content\/uploads\/2018\/08\/EED-consultations_09.jpg'><img loading=\"lazy\" decoding=\"async\" width=\"150\" height=\"150\" src=\"https:\/\/www.ipis.md\/wp-content\/uploads\/2018\/08\/EED-consultations_09-150x150.jpg\" class=\"attachment-thumbnail size-thumbnail\" alt=\"\" srcset=\"https:\/\/www.ipis.md\/wp-content\/uploads\/2018\/08\/EED-consultations_09-150x150.jpg 150w, https:\/\/www.ipis.md\/wp-content\/uploads\/2018\/08\/EED-consultations_09-400x400.jpg 400w\" sizes=\"auto, (max-width: 150px) 100vw, 150px\" \/><\/a>\n\t\t\t<\/div><\/figure><figure class='gallery-item'>\n\t\t\t<div class='gallery-icon landscape'>\n\t\t\t\t<a href='https:\/\/www.ipis.md\/wp-content\/uploads\/2018\/08\/EED-consultations_03.jpg'><img loading=\"lazy\" decoding=\"async\" width=\"150\" height=\"150\" src=\"https:\/\/www.ipis.md\/wp-content\/uploads\/2018\/08\/EED-consultations_03-150x150.jpg\" class=\"attachment-thumbnail size-thumbnail\" alt=\"\" srcset=\"https:\/\/www.ipis.md\/wp-content\/uploads\/2018\/08\/EED-consultations_03-150x150.jpg 150w, https:\/\/www.ipis.md\/wp-content\/uploads\/2018\/08\/EED-consultations_03-400x400.jpg 400w\" sizes=\"auto, (max-width: 150px) 100vw, 150px\" \/><\/a>\n\t\t\t<\/div><\/figure><figure class='gallery-item'>\n\t\t\t<div class='gallery-icon landscape'>\n\t\t\t\t<a href='https:\/\/www.ipis.md\/wp-content\/uploads\/2018\/08\/EED-consultations_02.jpg'><img loading=\"lazy\" decoding=\"async\" width=\"150\" height=\"150\" src=\"https:\/\/www.ipis.md\/wp-content\/uploads\/2018\/08\/EED-consultations_02-150x150.jpg\" class=\"attachment-thumbnail size-thumbnail\" alt=\"\" srcset=\"https:\/\/www.ipis.md\/wp-content\/uploads\/2018\/08\/EED-consultations_02-150x150.jpg 150w, https:\/\/www.ipis.md\/wp-content\/uploads\/2018\/08\/EED-consultations_02-400x400.jpg 400w\" sizes=\"auto, (max-width: 150px) 100vw, 150px\" \/><\/a>\n\t\t\t<\/div><\/figure><figure class='gallery-item'>\n\t\t\t<div class='gallery-icon landscape'>\n\t\t\t\t<a href='https:\/\/www.ipis.md\/wp-content\/uploads\/2018\/08\/EED-consultations_08.jpg'><img loading=\"lazy\" decoding=\"async\" width=\"150\" height=\"150\" src=\"https:\/\/www.ipis.md\/wp-content\/uploads\/2018\/08\/EED-consultations_08-150x150.jpg\" class=\"attachment-thumbnail size-thumbnail\" alt=\"\" srcset=\"https:\/\/www.ipis.md\/wp-content\/uploads\/2018\/08\/EED-consultations_08-150x150.jpg 150w, https:\/\/www.ipis.md\/wp-content\/uploads\/2018\/08\/EED-consultations_08-400x400.jpg 400w\" sizes=\"auto, (max-width: 150px) 100vw, 150px\" \/><\/a>\n\t\t\t<\/div><\/figure>\n\t\t<\/div>\n<\/p>","protected":false},"excerpt":{"rendered":"<p>On August 1, IPIS hosted a public discussion dedicated to the real agenda of the citizens of Moldova.\u00a0The participants &#8211; experts in public policy, media, energy and conflict resolution, as well as civic activists, businessmen and political analysts&#8230;<\/p>\n","protected":false},"author":2,"featured_media":1976,"comment_status":"open","ping_status":"open","sticky":false,"template":"","format":"standard","meta":{"footnotes":""},"categories":[21,20],"tags":[37,34,36,38,35],"class_list":["post-1970","post","type-post","status-publish","format-standard","has-post-thumbnail","hentry","category-evenimente","category-stiri","tag-agenda","tag-eed","tag-ipis","tag-proiect","tag-proiecte"],"yoast_head":"<!-- This site is optimized with the Yoast SEO plugin v25.8 - https:\/\/yoast.com\/wordpress\/plugins\/seo\/ -->\n<title>Consultations on the real agenda of Moldovan citizens, hosted by IPIS - Institutul pentru Ini\u021biative Strategice<\/title>\n<meta name=\"robots\" content=\"index, follow, max-snippet:-1, max-image-preview:large, max-video-preview:-1\" \/>\n<link rel=\"canonical\" href=\"https:\/\/www.ipis.md\/2018\/08\/02\/agenda-reala-a-cetatenilor-moldovei-discutata-la-ipis\/\" \/>\n<meta property=\"og:locale\" content=\"en_US\" \/>\n<meta property=\"og:type\" content=\"article\" \/>\n<meta property=\"og:title\" content=\"Consultations on the real agenda of Moldovan citizens, hosted by IPIS - Institutul pentru Ini\u021biative Strategice\" \/>\n<meta property=\"og:description\" content=\"[:ro]Pe 1 august, Institutul pentru Ini\u021biative Strategice din Moldova (IPIS) a g\u0103zduit o discu\u021bie public\u0103 dedicat\u0103 agendei reale a cet\u0103\u021benilor Republicii Moldova. Participan\u021bii \u2013 exper\u021bi \u00een politici publice, media, energetic\u0103 \u0219i solu\u021bionarea conflictelor...[:en]On August 1, IPIS hosted a public discussion dedicated to the real agenda of the citizens of Moldova.\u00a0The participants - experts in public policy, media, energy and conflict resolution, as well as civic activists, businessmen and political analysts...[:ru]1 \u0430\u0432\u0433\u0443\u0441\u0442\u0430, IPIS \u043f\u0440\u043e\u0432\u0435\u043b \u043f\u0443\u0431\u043b\u0438\u0447\u043d\u043e\u0435 \u043e\u0431\u0441\u0443\u0436\u0434\u0435\u043d\u0438\u0435, \u043f\u043e\u0441\u0432\u044f\u0449\u0435\u043d\u043d\u043e\u0435 \u0440\u0435\u0430\u043b\u044c\u043d\u043e\u0439 \u043f\u043e\u0432\u0435\u0441\u0442\u043a\u0435 \u0434\u043d\u044f \u0433\u0440\u0430\u0436\u0434\u0430\u043d \u0420\u0435\u0441\u043f\u0443\u0431\u043b\u0438\u043a\u0438 \u041c\u043e\u043b\u0434\u043e\u0432\u0430. \u0423\u0447\u0430\u0441\u0442\u043d\u0438\u043a\u0438 - \u044d\u043a\u0441\u043f\u0435\u0440\u0442\u044b \u0432 \u043e\u0431\u043b\u0430\u0441\u0442\u0438 \u043f\u0443\u0431\u043b\u0438\u0447\u043d\u044b\u0445 \u043f\u043e\u043b\u0438\u0442\u0438\u043a, \u043c\u0435\u0434\u0438\u0430, \u044d\u043d\u0435\u0440\u0433\u0435\u0442\u0438\u043a\u0438 \u0438 \u0440\u0430\u0437\u0440\u0435\u0448\u0435\u043d\u0438\u044f \u043a\u043e\u043d\u0444\u043b\u0438\u043a\u0442\u043e\u0432, \u0430 \u0442\u0430\u043a\u0436\u0435...[:]\" \/>\n<meta property=\"og:url\" content=\"https:\/\/www.ipis.md\/2018\/08\/02\/agenda-reala-a-cetatenilor-moldovei-discutata-la-ipis\/\" \/>\n<meta property=\"og:site_name\" content=\"Institutul pentru Ini\u021biative Strategice\" \/>\n<meta property=\"article:publisher\" content=\"https:\/\/www.facebook.com\/ipismoldova\/\" \/>\n<meta property=\"article:published_time\" content=\"2018-08-02T14:36:05+00:00\" \/>\n<meta property=\"article:modified_time\" content=\"2018-08-10T11:06:58+00:00\" \/>\n<meta property=\"og:image\" content=\"https:\/\/www.ipis.md\/wp-content\/uploads\/2018\/08\/EED-consultations_07.jpg\" \/>\n\t<meta property=\"og:image:width\" content=\"4145\" \/>\n\t<meta property=\"og:image:height\" content=\"2006\" \/>\n\t<meta property=\"og:image:type\" content=\"image\/jpeg\" \/>\n<meta name=\"author\" content=\"Olari Victoria\" \/>\n<meta name=\"twitter:card\" content=\"summary_large_image\" \/>\n<meta name=\"twitter:label1\" content=\"Written by\" \/>\n\t<meta name=\"twitter:data1\" content=\"Olari Victoria\" \/>\n\t<meta name=\"twitter:label2\" content=\"Est. reading time\" \/>\n\t<meta name=\"twitter:data2\" content=\"3 minutes\" \/>\n<script type=\"application\/ld+json\" class=\"yoast-schema-graph\">{\"@context\":\"https:\/\/schema.org\",\"@graph\":[{\"@type\":\"WebPage\",\"@id\":\"https:\/\/www.ipis.md\/2018\/08\/02\/agenda-reala-a-cetatenilor-moldovei-discutata-la-ipis\/\",\"url\":\"https:\/\/www.ipis.md\/2018\/08\/02\/agenda-reala-a-cetatenilor-moldovei-discutata-la-ipis\/\",\"name\":\"Consultations on the real agenda of Moldovan citizens, hosted by IPIS - Institutul pentru Ini\u021biative Strategice\",\"isPartOf\":{\"@id\":\"https:\/\/www.ipis.md\/en\/#website\"},\"primaryImageOfPage\":{\"@id\":\"https:\/\/www.ipis.md\/2018\/08\/02\/agenda-reala-a-cetatenilor-moldovei-discutata-la-ipis\/#primaryimage\"},\"image\":{\"@id\":\"https:\/\/www.ipis.md\/2018\/08\/02\/agenda-reala-a-cetatenilor-moldovei-discutata-la-ipis\/#primaryimage\"},\"thumbnailUrl\":\"https:\/\/www.ipis.md\/wp-content\/uploads\/2018\/08\/EED-consultations_07.jpg\",\"datePublished\":\"2018-08-02T14:36:05+00:00\",\"dateModified\":\"2018-08-10T11:06:58+00:00\",\"author\":{\"@id\":\"https:\/\/www.ipis.md\/en\/#\/schema\/person\/e00aef7c68c813b3804296dd3c6dea3d\"},\"breadcrumb\":{\"@id\":\"https:\/\/www.ipis.md\/2018\/08\/02\/agenda-reala-a-cetatenilor-moldovei-discutata-la-ipis\/#breadcrumb\"},\"inLanguage\":\"en-US\",\"potentialAction\":[{\"@type\":\"ReadAction\",\"target\":[\"https:\/\/www.ipis.md\/2018\/08\/02\/agenda-reala-a-cetatenilor-moldovei-discutata-la-ipis\/\"]}]},{\"@type\":\"ImageObject\",\"inLanguage\":\"en-US\",\"@id\":\"https:\/\/www.ipis.md\/2018\/08\/02\/agenda-reala-a-cetatenilor-moldovei-discutata-la-ipis\/#primaryimage\",\"url\":\"https:\/\/www.ipis.md\/wp-content\/uploads\/2018\/08\/EED-consultations_07.jpg\",\"contentUrl\":\"https:\/\/www.ipis.md\/wp-content\/uploads\/2018\/08\/EED-consultations_07.jpg\",\"width\":4145,\"height\":2006},{\"@type\":\"BreadcrumbList\",\"@id\":\"https:\/\/www.ipis.md\/2018\/08\/02\/agenda-reala-a-cetatenilor-moldovei-discutata-la-ipis\/#breadcrumb\",\"itemListElement\":[{\"@type\":\"ListItem\",\"position\":1,\"name\":\"Home\",\"item\":\"https:\/\/www.ipis.md\/en\/\"},{\"@type\":\"ListItem\",\"position\":2,\"name\":\"Agenda real\u0103 a cet\u0103\u021benilor Moldovei, discutat\u0103 la IPIS\"}]},{\"@type\":\"WebSite\",\"@id\":\"https:\/\/www.ipis.md\/en\/#website\",\"url\":\"https:\/\/www.ipis.md\/en\/\",\"name\":\"Institutul pentru Ini\u021biative Strategice\",\"description\":\"\",\"potentialAction\":[{\"@type\":\"SearchAction\",\"target\":{\"@type\":\"EntryPoint\",\"urlTemplate\":\"https:\/\/www.ipis.md\/en\/?s={search_term_string}\"},\"query-input\":{\"@type\":\"PropertyValueSpecification\",\"valueRequired\":true,\"valueName\":\"search_term_string\"}}],\"inLanguage\":\"en-US\"},{\"@type\":\"Person\",\"@id\":\"https:\/\/www.ipis.md\/en\/#\/schema\/person\/e00aef7c68c813b3804296dd3c6dea3d\",\"name\":\"Olari Victoria\",\"image\":{\"@type\":\"ImageObject\",\"inLanguage\":\"en-US\",\"@id\":\"https:\/\/www.ipis.md\/en\/#\/schema\/person\/image\/\",\"url\":\"https:\/\/secure.gravatar.com\/avatar\/2530f73e9a65a7d871deec16b7c8128bee82ec56025b4147cf8cdb61613f9e69?s=96&d=mm&r=g\",\"contentUrl\":\"https:\/\/secure.gravatar.com\/avatar\/2530f73e9a65a7d871deec16b7c8128bee82ec56025b4147cf8cdb61613f9e69?s=96&d=mm&r=g\",\"caption\":\"Olari Victoria\"},\"sameAs\":[\"http:\/\/www.ipis.md\"],\"url\":\"https:\/\/www.ipis.md\/en\/author\/victoria-olariipis-md\/\"}]}<\/script>\n<!-- \/ Yoast SEO plugin. -->","yoast_head_json":{"title":"Consultations on the real agenda of Moldovan citizens, hosted by IPIS - Institutul pentru Ini\u021biative Strategice","robots":{"index":"index","follow":"follow","max-snippet":"max-snippet:-1","max-image-preview":"max-image-preview:large","max-video-preview":"max-video-preview:-1"},"canonical":"https:\/\/www.ipis.md\/2018\/08\/02\/agenda-reala-a-cetatenilor-moldovei-discutata-la-ipis\/","og_locale":"en_US","og_type":"article","og_title":"Consultations on the real agenda of Moldovan citizens, hosted by IPIS - Institutul pentru Ini\u021biative Strategice","og_description":"[:ro]Pe 1 august, Institutul pentru Ini\u021biative Strategice din Moldova (IPIS) a g\u0103zduit o discu\u021bie public\u0103 dedicat\u0103 agendei reale a cet\u0103\u021benilor Republicii Moldova. Participan\u021bii \u2013 exper\u021bi \u00een politici publice, media, energetic\u0103 \u0219i solu\u021bionarea conflictelor...[:en]On August 1, IPIS hosted a public discussion dedicated to the real agenda of the citizens of Moldova.\u00a0The participants - experts in public policy, media, energy and conflict resolution, as well as civic activists, businessmen and political analysts...[:ru]1 \u0430\u0432\u0433\u0443\u0441\u0442\u0430, IPIS \u043f\u0440\u043e\u0432\u0435\u043b \u043f\u0443\u0431\u043b\u0438\u0447\u043d\u043e\u0435 \u043e\u0431\u0441\u0443\u0436\u0434\u0435\u043d\u0438\u0435, \u043f\u043e\u0441\u0432\u044f\u0449\u0435\u043d\u043d\u043e\u0435 \u0440\u0435\u0430\u043b\u044c\u043d\u043e\u0439 \u043f\u043e\u0432\u0435\u0441\u0442\u043a\u0435 \u0434\u043d\u044f \u0433\u0440\u0430\u0436\u0434\u0430\u043d \u0420\u0435\u0441\u043f\u0443\u0431\u043b\u0438\u043a\u0438 \u041c\u043e\u043b\u0434\u043e\u0432\u0430. \u0423\u0447\u0430\u0441\u0442\u043d\u0438\u043a\u0438 - \u044d\u043a\u0441\u043f\u0435\u0440\u0442\u044b \u0432 \u043e\u0431\u043b\u0430\u0441\u0442\u0438 \u043f\u0443\u0431\u043b\u0438\u0447\u043d\u044b\u0445 \u043f\u043e\u043b\u0438\u0442\u0438\u043a, \u043c\u0435\u0434\u0438\u0430, \u044d\u043d\u0435\u0440\u0433\u0435\u0442\u0438\u043a\u0438 \u0438 \u0440\u0430\u0437\u0440\u0435\u0448\u0435\u043d\u0438\u044f \u043a\u043e\u043d\u0444\u043b\u0438\u043a\u0442\u043e\u0432, \u0430 \u0442\u0430\u043a\u0436\u0435...[:]","og_url":"https:\/\/www.ipis.md\/2018\/08\/02\/agenda-reala-a-cetatenilor-moldovei-discutata-la-ipis\/","og_site_name":"Institutul pentru Ini\u021biative Strategice","article_publisher":"https:\/\/www.facebook.com\/ipismoldova\/","article_published_time":"2018-08-02T14:36:05+00:00","article_modified_time":"2018-08-10T11:06:58+00:00","og_image":[{"width":4145,"height":2006,"url":"https:\/\/www.ipis.md\/wp-content\/uploads\/2018\/08\/EED-consultations_07.jpg","type":"image\/jpeg"}],"author":"Olari Victoria","twitter_card":"summary_large_image","twitter_misc":{"Written by":"Olari Victoria","Est. reading time":"3 minutes"},"schema":{"@context":"https:\/\/schema.org","@graph":[{"@type":"WebPage","@id":"https:\/\/www.ipis.md\/2018\/08\/02\/agenda-reala-a-cetatenilor-moldovei-discutata-la-ipis\/","url":"https:\/\/www.ipis.md\/2018\/08\/02\/agenda-reala-a-cetatenilor-moldovei-discutata-la-ipis\/","name":"Consultations on the real agenda of Moldovan citizens, hosted by IPIS - Institutul pentru Ini\u021biative Strategice","isPartOf":{"@id":"https:\/\/www.ipis.md\/en\/#website"},"primaryImageOfPage":{"@id":"https:\/\/www.ipis.md\/2018\/08\/02\/agenda-reala-a-cetatenilor-moldovei-discutata-la-ipis\/#primaryimage"},"image":{"@id":"https:\/\/www.ipis.md\/2018\/08\/02\/agenda-reala-a-cetatenilor-moldovei-discutata-la-ipis\/#primaryimage"},"thumbnailUrl":"https:\/\/www.ipis.md\/wp-content\/uploads\/2018\/08\/EED-consultations_07.jpg","datePublished":"2018-08-02T14:36:05+00:00","dateModified":"2018-08-10T11:06:58+00:00","author":{"@id":"https:\/\/www.ipis.md\/en\/#\/schema\/person\/e00aef7c68c813b3804296dd3c6dea3d"},"breadcrumb":{"@id":"https:\/\/www.ipis.md\/2018\/08\/02\/agenda-reala-a-cetatenilor-moldovei-discutata-la-ipis\/#breadcrumb"},"inLanguage":"en-US","potentialAction":[{"@type":"ReadAction","target":["https:\/\/www.ipis.md\/2018\/08\/02\/agenda-reala-a-cetatenilor-moldovei-discutata-la-ipis\/"]}]},{"@type":"ImageObject","inLanguage":"en-US","@id":"https:\/\/www.ipis.md\/2018\/08\/02\/agenda-reala-a-cetatenilor-moldovei-discutata-la-ipis\/#primaryimage","url":"https:\/\/www.ipis.md\/wp-content\/uploads\/2018\/08\/EED-consultations_07.jpg","contentUrl":"https:\/\/www.ipis.md\/wp-content\/uploads\/2018\/08\/EED-consultations_07.jpg","width":4145,"height":2006},{"@type":"BreadcrumbList","@id":"https:\/\/www.ipis.md\/2018\/08\/02\/agenda-reala-a-cetatenilor-moldovei-discutata-la-ipis\/#breadcrumb","itemListElement":[{"@type":"ListItem","position":1,"name":"Home","item":"https:\/\/www.ipis.md\/en\/"},{"@type":"ListItem","position":2,"name":"Agenda real\u0103 a cet\u0103\u021benilor Moldovei, discutat\u0103 la IPIS"}]},{"@type":"WebSite","@id":"https:\/\/www.ipis.md\/en\/#website","url":"https:\/\/www.ipis.md\/en\/","name":"Institutul pentru Ini\u021biative Strategice","description":"","potentialAction":[{"@type":"SearchAction","target":{"@type":"EntryPoint","urlTemplate":"https:\/\/www.ipis.md\/en\/?s={search_term_string}"},"query-input":{"@type":"PropertyValueSpecification","valueRequired":true,"valueName":"search_term_string"}}],"inLanguage":"en-US"},{"@type":"Person","@id":"https:\/\/www.ipis.md\/en\/#\/schema\/person\/e00aef7c68c813b3804296dd3c6dea3d","name":"Olari Victoria","image":{"@type":"ImageObject","inLanguage":"en-US","@id":"https:\/\/www.ipis.md\/en\/#\/schema\/person\/image\/","url":"https:\/\/secure.gravatar.com\/avatar\/2530f73e9a65a7d871deec16b7c8128bee82ec56025b4147cf8cdb61613f9e69?s=96&d=mm&r=g","contentUrl":"https:\/\/secure.gravatar.com\/avatar\/2530f73e9a65a7d871deec16b7c8128bee82ec56025b4147cf8cdb61613f9e69?s=96&d=mm&r=g","caption":"Olari Victoria"},"sameAs":["http:\/\/www.ipis.md"],"url":"https:\/\/www.ipis.md\/en\/author\/victoria-olariipis-md\/"}]}},"_links":{"self":[{"href":"https:\/\/www.ipis.md\/en\/wp-json\/wp\/v2\/posts\/1970","targetHints":{"allow":["GET"]}}],"collection":[{"href":"https:\/\/www.ipis.md\/en\/wp-json\/wp\/v2\/posts"}],"about":[{"href":"https:\/\/www.ipis.md\/en\/wp-json\/wp\/v2\/types\/post"}],"author":[{"embeddable":true,"href":"https:\/\/www.ipis.md\/en\/wp-json\/wp\/v2\/users\/2"}],"replies":[{"embeddable":true,"href":"https:\/\/www.ipis.md\/en\/wp-json\/wp\/v2\/comments?post=1970"}],"version-history":[{"count":12,"href":"https:\/\/www.ipis.md\/en\/wp-json\/wp\/v2\/posts\/1970\/revisions"}],"predecessor-version":[{"id":2012,"href":"https:\/\/www.ipis.md\/en\/wp-json\/wp\/v2\/posts\/1970\/revisions\/2012"}],"wp:featuredmedia":[{"embeddable":true,"href":"https:\/\/www.ipis.md\/en\/wp-json\/wp\/v2\/media\/1976"}],"wp:attachment":[{"href":"https:\/\/www.ipis.md\/en\/wp-json\/wp\/v2\/media?parent=1970"}],"wp:term":[{"taxonomy":"category","embeddable":true,"href":"https:\/\/www.ipis.md\/en\/wp-json\/wp\/v2\/categories?post=1970"},{"taxonomy":"post_tag","embeddable":true,"href":"https:\/\/www.ipis.md\/en\/wp-json\/wp\/v2\/tags?post=1970"}],"curies":[{"name":"wp","href":"https:\/\/api.w.org\/{rel}","templated":true}]}}