{"id":3216,"date":"2022-09-27T10:52:10","date_gmt":"2022-09-27T08:52:10","guid":{"rendered":"https:\/\/www.ipis.md\/?p=3216"},"modified":"2022-09-27T10:53:32","modified_gmt":"2022-09-27T08:53:32","slug":"reformd-rezilienta-impotriva-dezinformarii-in-republica-moldova","status":"publish","type":"post","link":"https:\/\/www.ipis.md\/en\/2022\/09\/27\/reformd-rezilienta-impotriva-dezinformarii-in-republica-moldova\/","title":{"rendered":"#reforMD \u2013 Resilient against Disinformation in the Republic of Moldova"},"content":{"rendered":"<p>The Republic of Moldova is particularly vulnerable to disinformation campaigns due to its media and information landscape, which is segregated by language and population group. <\/p>\n<p>In addition to the Moldovan authorities, which have the task of improving the regulatory framework against disinformation, Moldovan civil society has an advisory and supportive role to play in building resilience against disinformation. Civil society support and dialogue with the government and parliament is needed to accompany these sensitive reforms. In addition to the audiovisual media, the poorly regulated social media and messenger services in particular pose a potential threat to social peace.<\/p>\n<p>reforMD aims to strengthen resilience against disinformation through dialogue measures between civil society and political actors as well as capacity building at the local level. Media products such as videos, podcasts and TV debates, will be used to respond to disinformation campaigns concerning the policies of the EU and its member states. Civil society exchange on the issue with Germany and other member states will be promoted.<br \/>\n<strong><br \/>\nProject activities<\/strong><br \/>\n&#8211; Workshop series at local level and fellowship programme for civil society actors;<br \/>\n&#8211; Policy debate series and advisory missions to improve the regulatory framework against disinformation;<br \/>\n&#8211; Timely response to disinformation in social media;<br \/>\n&#8211; Disinfo Lab to share strategies against disinformation.<\/p>\n<p>Project implementation period: 01 July 2022 \u2013 31 December 2022<\/p>","protected":false},"excerpt":{"rendered":"<p>#reforMD aims to strengthen resilience against disinformation through dialogue measures between civil society and political actors as well as capacity building at the local level. Media products such as videos, podcasts and TV debates, will be used to respond to disinformation campaigns concerning the policies of the EU and its member states. Civil society exchange on the issue with Germany and other member states will be promoted.<\/p>\n<p>Project implementation period: 01 July 2022 \u2013 31 December 2022<\/p>\n","protected":false},"author":3,"featured_media":0,"comment_status":"open","ping_status":"open","sticky":false,"template":"","format":"standard","meta":{"footnotes":""},"categories":[33],"tags":[],"class_list":["post-3216","post","type-post","status-publish","format-standard","hentry","category-33"],"yoast_head":"<!-- This site is optimized with the Yoast SEO plugin v25.8 - https:\/\/yoast.com\/wordpress\/plugins\/seo\/ -->\n<title>#reforMD \u2013 Resilient against Disinformation in the Republic of Moldova - Institutul pentru Ini\u021biative Strategice<\/title>\n<meta name=\"robots\" content=\"index, follow, max-snippet:-1, max-image-preview:large, max-video-preview:-1\" \/>\n<link rel=\"canonical\" href=\"https:\/\/www.ipis.md\/2022\/09\/27\/reformd-rezilienta-impotriva-dezinformarii-in-republica-moldova\/\" \/>\n<meta property=\"og:locale\" content=\"en_US\" \/>\n<meta property=\"og:type\" content=\"article\" \/>\n<meta property=\"og:title\" content=\"#reforMD \u2013 Resilient against Disinformation in the Republic of Moldova - Institutul pentru Ini\u021biative Strategice\" \/>\n<meta property=\"og:description\" content=\"[:ro]Proiectului #reforMD \u00ee\u0219i propune s\u0103 consolideze rezilien\u021ba \u00eempotriva dezinform\u0103rii prin facilitarea dialogului constructiv \u00eentre societatea civil\u0103 \u0219i actorii politici, precum \u0219i prin consolidarea capacit\u0103\u021bilor la nivel local.  El reprezint\u0103 o continuitate a activit\u0103\u021bilor ini\u021biate anul trecut \u00een cadrul proiectului #inforMD, este implementat \u00een parteneriat cu Institutul pentru Politici \u0219i Reforme Europene (IPRE) \u0219i Institutul pentru Politici Europene din Germania (IEP), iar finan\u021bat de Ministerul Federal pentru Afaceri Externe al Germaniei.  Perioada de implementare a proiectului: 01 July 2022 \u2013 31 December 2022 [:en]#reforMD aims to strengthen resilience against disinformation through dialogue measures between civil society and political actors as well as capacity building at the local level. Media products such as videos, podcasts and TV debates, will be used to respond to disinformation campaigns concerning the policies of the EU and its member states. Civil society exchange on the issue with Germany and other member states will be promoted.  Project implementation period: 01 July 2022 \u2013 31 December 2022[:ru]\u041f\u0440\u043e\u0435\u043a\u0442 #reforMD \u043d\u0430\u043f\u0440\u0430\u0432\u043b\u0435\u043d \u043d\u0430 \u0443\u043a\u0440\u0435\u043f\u043b\u0435\u043d\u0438\u0435 \u0443\u0441\u0442\u043e\u0439\u0447\u0438\u0432\u043e\u0441\u0442\u0438 \u0420\u0435\u0441\u043f\u0443\u0431\u043b\u0438\u043a\u0438 \u041c\u043e\u043b\u0434\u043e\u0432\u0430 \u043a \u0434\u0435\u0437\u0438\u043d\u0444\u043e\u0440\u043c\u0430\u0446\u0438\u0438 \u043f\u0443\u0442\u0435\u043c \u0441\u043e\u0434\u0435\u0439\u0441\u0442\u0432\u0438\u044f \u043a\u043e\u043d\u0441\u0442\u0440\u0443\u043a\u0442\u0438\u0432\u043d\u043e\u043c\u0443 \u0434\u0438\u0430\u043b\u043e\u0433\u0443 \u043c\u0435\u0436\u0434\u0443 \u0433\u0440\u0430\u0436\u0434\u0430\u043d\u0441\u043a\u0438\u043c \u043e\u0431\u0449\u0435\u0441\u0442\u0432\u043e\u043c \u0438 \u043f\u043e\u043b\u0438\u0442\u0438\u0447\u0435\u0441\u043a\u0438\u043c \u043a\u043b\u0430\u0441\u0441\u043d\u043e\u043c, \u0430 \u0442\u0430\u043a\u0436\u0435 \u043f\u0443\u0442\u0435\u043c \u043d\u0430\u0440\u0430\u0449\u0438\u0432\u0430\u043d\u0438\u044f \u043f\u043e\u0442\u0435\u043d\u0446\u0438\u0430\u043b\u0430 \u0443\u0441\u0442\u043e\u0439\u0447\u0438\u0432\u043e\u0441\u0442\u0438 \u043a \u0434\u0435\u0437\u0438\u043d\u0444\u043e\u0440\u043c\u0430\u0446\u0438\u0438 \u043d\u0430 \u043c\u0435\u0441\u0442\u043d\u043e\u043c \u0443\u0440\u043e\u0432\u043d\u0435.  \u0422\u0435\u043a\u0443\u0449\u0438\u0439 \u043f\u0440\u043e\u0435\u043a\u0442 \u044f\u0432\u043b\u044f\u0435\u0442\u0441\u044f \u043f\u0440\u043e\u0434\u043e\u043b\u0436\u0435\u043d\u0438\u0435\u043c \u0440\u0430\u0431\u043e\u0442\u044b, \u043f\u0440\u043e\u0432\u0435\u0434\u0435\u043d\u043d\u043e\u0439 \u0432 \u043f\u0440\u043e\u0448\u043b\u043e\u043c \u0433\u043e\u0434\u0443 \u0432 \u0440\u0430\u043c\u043a\u0430\u0445 \u043f\u0440\u043e\u0435\u043a\u0442\u0430 #inforMD. \u041e\u0441\u0443\u0449\u0435\u0441\u0442\u0432\u043b\u044f\u0435\u0442\u0441\u044f \u0432 \u043f\u0430\u0440\u0442\u043d\u0435\u0440\u0441\u0442\u0432\u0435 \u0441 \u0418\u043d\u0441\u0442\u0438\u0442\u0443\u0442\u043e\u043c \u0435\u0432\u0440\u043e\u043f\u0435\u0439\u0441\u043a\u043e\u0439 \u043f\u043e\u043b\u0438\u0442\u0438\u043a\u0438 \u0438 \u0440\u0435\u0444\u043e\u0440\u043c (IPRE) \u0438 \u0418\u043d\u0441\u0442\u0438\u0442\u0443\u0442\u043e\u043c \u0435\u0432\u0440\u043e\u043f\u0435\u0439\u0441\u043a\u0438\u0445 \u043f\u043e\u043b\u0438\u0442\u0438\u043a \u0413\u0435\u0440\u043c\u0430\u043d\u0438\u0438 (IEP) \u0438 \u0444\u0438\u043d\u0430\u043d\u0441\u0438\u0440\u0443\u0435\u0442\u0441\u044f \u0424\u0435\u0434\u0435\u0440\u0430\u043b\u044c\u043d\u044b\u043c \u043c\u0438\u043d\u0438\u0441\u0442\u0435\u0440\u0441\u0442\u0432\u043e\u043c \u0438\u043d\u043e\u0441\u0442\u0440\u0430\u043d\u043d\u044b\u0445 \u0434\u0435\u043b \u0413\u0435\u0440\u043c\u0430\u043d\u0438\u0438.  \u041f\u0435\u0440\u0438\u043e\u0434 \u0440\u0435\u0430\u043b\u0438\u0437\u0430\u0446\u0438\u0438 \u043f\u0440\u043e\u0435\u043a\u0442\u0430: 01 \u0438\u044e\u043b\u044f 2022 \u0433\u043e\u0434\u0430 - 31 \u0434\u0435\u043a\u0430\u0431\u0440\u044f 2022 \u0433\u043e\u0434\u0430  [:]\" \/>\n<meta property=\"og:url\" content=\"https:\/\/www.ipis.md\/2022\/09\/27\/reformd-rezilienta-impotriva-dezinformarii-in-republica-moldova\/\" \/>\n<meta property=\"og:site_name\" content=\"Institutul pentru Ini\u021biative Strategice\" \/>\n<meta property=\"article:publisher\" content=\"https:\/\/www.facebook.com\/ipismoldova\/\" \/>\n<meta property=\"article:published_time\" content=\"2022-09-27T08:52:10+00:00\" \/>\n<meta property=\"article:modified_time\" content=\"2022-09-27T08:53:32+00:00\" \/>\n<meta property=\"og:image\" content=\"https:\/\/www.ipis.md\/wp-content\/uploads\/2021\/09\/social.jpg\" \/>\n\t<meta property=\"og:image:width\" content=\"1200\" \/>\n\t<meta property=\"og:image:height\" content=\"630\" \/>\n\t<meta property=\"og:image:type\" content=\"image\/jpeg\" \/>\n<meta name=\"author\" content=\"LEVCENCO Maria\" \/>\n<meta name=\"twitter:card\" content=\"summary_large_image\" \/>\n<meta name=\"twitter:label1\" content=\"Written by\" \/>\n\t<meta name=\"twitter:data1\" content=\"LEVCENCO Maria\" \/>\n\t<meta name=\"twitter:label2\" content=\"Est. reading time\" \/>\n\t<meta name=\"twitter:data2\" content=\"2 minutes\" \/>\n<script type=\"application\/ld+json\" class=\"yoast-schema-graph\">{\"@context\":\"https:\/\/schema.org\",\"@graph\":[{\"@type\":\"WebPage\",\"@id\":\"https:\/\/www.ipis.md\/2022\/09\/27\/reformd-rezilienta-impotriva-dezinformarii-in-republica-moldova\/\",\"url\":\"https:\/\/www.ipis.md\/2022\/09\/27\/reformd-rezilienta-impotriva-dezinformarii-in-republica-moldova\/\",\"name\":\"#reforMD \u2013 Resilient against Disinformation in the Republic of Moldova - Institutul pentru Ini\u021biative Strategice\",\"isPartOf\":{\"@id\":\"https:\/\/www.ipis.md\/en\/#website\"},\"datePublished\":\"2022-09-27T08:52:10+00:00\",\"dateModified\":\"2022-09-27T08:53:32+00:00\",\"author\":{\"@id\":\"https:\/\/www.ipis.md\/en\/#\/schema\/person\/4ed62e6baa02693bda7ea90f8e0bc215\"},\"breadcrumb\":{\"@id\":\"https:\/\/www.ipis.md\/2022\/09\/27\/reformd-rezilienta-impotriva-dezinformarii-in-republica-moldova\/#breadcrumb\"},\"inLanguage\":\"en-US\",\"potentialAction\":[{\"@type\":\"ReadAction\",\"target\":[\"https:\/\/www.ipis.md\/2022\/09\/27\/reformd-rezilienta-impotriva-dezinformarii-in-republica-moldova\/\"]}]},{\"@type\":\"BreadcrumbList\",\"@id\":\"https:\/\/www.ipis.md\/2022\/09\/27\/reformd-rezilienta-impotriva-dezinformarii-in-republica-moldova\/#breadcrumb\",\"itemListElement\":[{\"@type\":\"ListItem\",\"position\":1,\"name\":\"Home\",\"item\":\"https:\/\/www.ipis.md\/en\/\"},{\"@type\":\"ListItem\",\"position\":2,\"name\":\"#reforMD \u2013 rezilien\u021ba \u00eempotriva dezinform\u0103rii \u00een Republica Moldova\"}]},{\"@type\":\"WebSite\",\"@id\":\"https:\/\/www.ipis.md\/en\/#website\",\"url\":\"https:\/\/www.ipis.md\/en\/\",\"name\":\"Institutul pentru Ini\u021biative Strategice\",\"description\":\"\",\"potentialAction\":[{\"@type\":\"SearchAction\",\"target\":{\"@type\":\"EntryPoint\",\"urlTemplate\":\"https:\/\/www.ipis.md\/en\/?s={search_term_string}\"},\"query-input\":{\"@type\":\"PropertyValueSpecification\",\"valueRequired\":true,\"valueName\":\"search_term_string\"}}],\"inLanguage\":\"en-US\"},{\"@type\":\"Person\",\"@id\":\"https:\/\/www.ipis.md\/en\/#\/schema\/person\/4ed62e6baa02693bda7ea90f8e0bc215\",\"name\":\"LEVCENCO Maria\",\"image\":{\"@type\":\"ImageObject\",\"inLanguage\":\"en-US\",\"@id\":\"https:\/\/www.ipis.md\/en\/#\/schema\/person\/image\/\",\"url\":\"https:\/\/secure.gravatar.com\/avatar\/82af9ebf63acebbbb46c8425c44060b4b2a36e71a8d525b9018c43f79c1e97e7?s=96&d=mm&r=g\",\"contentUrl\":\"https:\/\/secure.gravatar.com\/avatar\/82af9ebf63acebbbb46c8425c44060b4b2a36e71a8d525b9018c43f79c1e97e7?s=96&d=mm&r=g\",\"caption\":\"LEVCENCO Maria\"},\"url\":\"https:\/\/www.ipis.md\/en\/author\/maria\/\"}]}<\/script>\n<!-- \/ Yoast SEO plugin. -->","yoast_head_json":{"title":"#reforMD \u2013 Resilient against Disinformation in the Republic of Moldova - Institutul pentru Ini\u021biative Strategice","robots":{"index":"index","follow":"follow","max-snippet":"max-snippet:-1","max-image-preview":"max-image-preview:large","max-video-preview":"max-video-preview:-1"},"canonical":"https:\/\/www.ipis.md\/2022\/09\/27\/reformd-rezilienta-impotriva-dezinformarii-in-republica-moldova\/","og_locale":"en_US","og_type":"article","og_title":"#reforMD \u2013 Resilient against Disinformation in the Republic of Moldova - Institutul pentru Ini\u021biative Strategice","og_description":"[:ro]Proiectului #reforMD \u00ee\u0219i propune s\u0103 consolideze rezilien\u021ba \u00eempotriva dezinform\u0103rii prin facilitarea dialogului constructiv \u00eentre societatea civil\u0103 \u0219i actorii politici, precum \u0219i prin consolidarea capacit\u0103\u021bilor la nivel local.  El reprezint\u0103 o continuitate a activit\u0103\u021bilor ini\u021biate anul trecut \u00een cadrul proiectului #inforMD, este implementat \u00een parteneriat cu Institutul pentru Politici \u0219i Reforme Europene (IPRE) \u0219i Institutul pentru Politici Europene din Germania (IEP), iar finan\u021bat de Ministerul Federal pentru Afaceri Externe al Germaniei.  Perioada de implementare a proiectului: 01 July 2022 \u2013 31 December 2022 [:en]#reforMD aims to strengthen resilience against disinformation through dialogue measures between civil society and political actors as well as capacity building at the local level. Media products such as videos, podcasts and TV debates, will be used to respond to disinformation campaigns concerning the policies of the EU and its member states. Civil society exchange on the issue with Germany and other member states will be promoted.  Project implementation period: 01 July 2022 \u2013 31 December 2022[:ru]\u041f\u0440\u043e\u0435\u043a\u0442 #reforMD \u043d\u0430\u043f\u0440\u0430\u0432\u043b\u0435\u043d \u043d\u0430 \u0443\u043a\u0440\u0435\u043f\u043b\u0435\u043d\u0438\u0435 \u0443\u0441\u0442\u043e\u0439\u0447\u0438\u0432\u043e\u0441\u0442\u0438 \u0420\u0435\u0441\u043f\u0443\u0431\u043b\u0438\u043a\u0438 \u041c\u043e\u043b\u0434\u043e\u0432\u0430 \u043a \u0434\u0435\u0437\u0438\u043d\u0444\u043e\u0440\u043c\u0430\u0446\u0438\u0438 \u043f\u0443\u0442\u0435\u043c \u0441\u043e\u0434\u0435\u0439\u0441\u0442\u0432\u0438\u044f \u043a\u043e\u043d\u0441\u0442\u0440\u0443\u043a\u0442\u0438\u0432\u043d\u043e\u043c\u0443 \u0434\u0438\u0430\u043b\u043e\u0433\u0443 \u043c\u0435\u0436\u0434\u0443 \u0433\u0440\u0430\u0436\u0434\u0430\u043d\u0441\u043a\u0438\u043c \u043e\u0431\u0449\u0435\u0441\u0442\u0432\u043e\u043c \u0438 \u043f\u043e\u043b\u0438\u0442\u0438\u0447\u0435\u0441\u043a\u0438\u043c \u043a\u043b\u0430\u0441\u0441\u043d\u043e\u043c, \u0430 \u0442\u0430\u043a\u0436\u0435 \u043f\u0443\u0442\u0435\u043c \u043d\u0430\u0440\u0430\u0449\u0438\u0432\u0430\u043d\u0438\u044f \u043f\u043e\u0442\u0435\u043d\u0446\u0438\u0430\u043b\u0430 \u0443\u0441\u0442\u043e\u0439\u0447\u0438\u0432\u043e\u0441\u0442\u0438 \u043a \u0434\u0435\u0437\u0438\u043d\u0444\u043e\u0440\u043c\u0430\u0446\u0438\u0438 \u043d\u0430 \u043c\u0435\u0441\u0442\u043d\u043e\u043c \u0443\u0440\u043e\u0432\u043d\u0435.  \u0422\u0435\u043a\u0443\u0449\u0438\u0439 \u043f\u0440\u043e\u0435\u043a\u0442 \u044f\u0432\u043b\u044f\u0435\u0442\u0441\u044f \u043f\u0440\u043e\u0434\u043e\u043b\u0436\u0435\u043d\u0438\u0435\u043c \u0440\u0430\u0431\u043e\u0442\u044b, \u043f\u0440\u043e\u0432\u0435\u0434\u0435\u043d\u043d\u043e\u0439 \u0432 \u043f\u0440\u043e\u0448\u043b\u043e\u043c \u0433\u043e\u0434\u0443 \u0432 \u0440\u0430\u043c\u043a\u0430\u0445 \u043f\u0440\u043e\u0435\u043a\u0442\u0430 #inforMD. \u041e\u0441\u0443\u0449\u0435\u0441\u0442\u0432\u043b\u044f\u0435\u0442\u0441\u044f \u0432 \u043f\u0430\u0440\u0442\u043d\u0435\u0440\u0441\u0442\u0432\u0435 \u0441 \u0418\u043d\u0441\u0442\u0438\u0442\u0443\u0442\u043e\u043c \u0435\u0432\u0440\u043e\u043f\u0435\u0439\u0441\u043a\u043e\u0439 \u043f\u043e\u043b\u0438\u0442\u0438\u043a\u0438 \u0438 \u0440\u0435\u0444\u043e\u0440\u043c (IPRE) \u0438 \u0418\u043d\u0441\u0442\u0438\u0442\u0443\u0442\u043e\u043c \u0435\u0432\u0440\u043e\u043f\u0435\u0439\u0441\u043a\u0438\u0445 \u043f\u043e\u043b\u0438\u0442\u0438\u043a \u0413\u0435\u0440\u043c\u0430\u043d\u0438\u0438 (IEP) \u0438 \u0444\u0438\u043d\u0430\u043d\u0441\u0438\u0440\u0443\u0435\u0442\u0441\u044f \u0424\u0435\u0434\u0435\u0440\u0430\u043b\u044c\u043d\u044b\u043c \u043c\u0438\u043d\u0438\u0441\u0442\u0435\u0440\u0441\u0442\u0432\u043e\u043c \u0438\u043d\u043e\u0441\u0442\u0440\u0430\u043d\u043d\u044b\u0445 \u0434\u0435\u043b \u0413\u0435\u0440\u043c\u0430\u043d\u0438\u0438.  \u041f\u0435\u0440\u0438\u043e\u0434 \u0440\u0435\u0430\u043b\u0438\u0437\u0430\u0446\u0438\u0438 \u043f\u0440\u043e\u0435\u043a\u0442\u0430: 01 \u0438\u044e\u043b\u044f 2022 \u0433\u043e\u0434\u0430 - 31 \u0434\u0435\u043a\u0430\u0431\u0440\u044f 2022 \u0433\u043e\u0434\u0430  [:]","og_url":"https:\/\/www.ipis.md\/2022\/09\/27\/reformd-rezilienta-impotriva-dezinformarii-in-republica-moldova\/","og_site_name":"Institutul pentru Ini\u021biative Strategice","article_publisher":"https:\/\/www.facebook.com\/ipismoldova\/","article_published_time":"2022-09-27T08:52:10+00:00","article_modified_time":"2022-09-27T08:53:32+00:00","og_image":[{"width":1200,"height":630,"url":"https:\/\/www.ipis.md\/wp-content\/uploads\/2021\/09\/social.jpg","type":"image\/jpeg"}],"author":"LEVCENCO Maria","twitter_card":"summary_large_image","twitter_misc":{"Written by":"LEVCENCO Maria","Est. reading time":"2 minutes"},"schema":{"@context":"https:\/\/schema.org","@graph":[{"@type":"WebPage","@id":"https:\/\/www.ipis.md\/2022\/09\/27\/reformd-rezilienta-impotriva-dezinformarii-in-republica-moldova\/","url":"https:\/\/www.ipis.md\/2022\/09\/27\/reformd-rezilienta-impotriva-dezinformarii-in-republica-moldova\/","name":"#reforMD \u2013 Resilient against Disinformation in the Republic of Moldova - Institutul pentru Ini\u021biative Strategice","isPartOf":{"@id":"https:\/\/www.ipis.md\/en\/#website"},"datePublished":"2022-09-27T08:52:10+00:00","dateModified":"2022-09-27T08:53:32+00:00","author":{"@id":"https:\/\/www.ipis.md\/en\/#\/schema\/person\/4ed62e6baa02693bda7ea90f8e0bc215"},"breadcrumb":{"@id":"https:\/\/www.ipis.md\/2022\/09\/27\/reformd-rezilienta-impotriva-dezinformarii-in-republica-moldova\/#breadcrumb"},"inLanguage":"en-US","potentialAction":[{"@type":"ReadAction","target":["https:\/\/www.ipis.md\/2022\/09\/27\/reformd-rezilienta-impotriva-dezinformarii-in-republica-moldova\/"]}]},{"@type":"BreadcrumbList","@id":"https:\/\/www.ipis.md\/2022\/09\/27\/reformd-rezilienta-impotriva-dezinformarii-in-republica-moldova\/#breadcrumb","itemListElement":[{"@type":"ListItem","position":1,"name":"Home","item":"https:\/\/www.ipis.md\/en\/"},{"@type":"ListItem","position":2,"name":"#reforMD \u2013 rezilien\u021ba \u00eempotriva dezinform\u0103rii \u00een Republica Moldova"}]},{"@type":"WebSite","@id":"https:\/\/www.ipis.md\/en\/#website","url":"https:\/\/www.ipis.md\/en\/","name":"Institutul pentru Ini\u021biative Strategice","description":"","potentialAction":[{"@type":"SearchAction","target":{"@type":"EntryPoint","urlTemplate":"https:\/\/www.ipis.md\/en\/?s={search_term_string}"},"query-input":{"@type":"PropertyValueSpecification","valueRequired":true,"valueName":"search_term_string"}}],"inLanguage":"en-US"},{"@type":"Person","@id":"https:\/\/www.ipis.md\/en\/#\/schema\/person\/4ed62e6baa02693bda7ea90f8e0bc215","name":"LEVCENCO Maria","image":{"@type":"ImageObject","inLanguage":"en-US","@id":"https:\/\/www.ipis.md\/en\/#\/schema\/person\/image\/","url":"https:\/\/secure.gravatar.com\/avatar\/82af9ebf63acebbbb46c8425c44060b4b2a36e71a8d525b9018c43f79c1e97e7?s=96&d=mm&r=g","contentUrl":"https:\/\/secure.gravatar.com\/avatar\/82af9ebf63acebbbb46c8425c44060b4b2a36e71a8d525b9018c43f79c1e97e7?s=96&d=mm&r=g","caption":"LEVCENCO Maria"},"url":"https:\/\/www.ipis.md\/en\/author\/maria\/"}]}},"_links":{"self":[{"href":"https:\/\/www.ipis.md\/en\/wp-json\/wp\/v2\/posts\/3216","targetHints":{"allow":["GET"]}}],"collection":[{"href":"https:\/\/www.ipis.md\/en\/wp-json\/wp\/v2\/posts"}],"about":[{"href":"https:\/\/www.ipis.md\/en\/wp-json\/wp\/v2\/types\/post"}],"author":[{"embeddable":true,"href":"https:\/\/www.ipis.md\/en\/wp-json\/wp\/v2\/users\/3"}],"replies":[{"embeddable":true,"href":"https:\/\/www.ipis.md\/en\/wp-json\/wp\/v2\/comments?post=3216"}],"version-history":[{"count":8,"href":"https:\/\/www.ipis.md\/en\/wp-json\/wp\/v2\/posts\/3216\/revisions"}],"predecessor-version":[{"id":3224,"href":"https:\/\/www.ipis.md\/en\/wp-json\/wp\/v2\/posts\/3216\/revisions\/3224"}],"wp:attachment":[{"href":"https:\/\/www.ipis.md\/en\/wp-json\/wp\/v2\/media?parent=3216"}],"wp:term":[{"taxonomy":"category","embeddable":true,"href":"https:\/\/www.ipis.md\/en\/wp-json\/wp\/v2\/categories?post=3216"},{"taxonomy":"post_tag","embeddable":true,"href":"https:\/\/www.ipis.md\/en\/wp-json\/wp\/v2\/tags?post=3216"}],"curies":[{"name":"wp","href":"https:\/\/api.w.org\/{rel}","templated":true}]}}