{"id":3634,"date":"2024-04-26T14:00:57","date_gmt":"2024-04-26T12:00:57","guid":{"rendered":"https:\/\/www.ipis.md\/?p=3634"},"modified":"2024-04-26T14:01:59","modified_gmt":"2024-04-26T12:01:59","slug":"peste-2-milioane-de-cetateni-ai-republicii-moldova-au-calatorit-fara-vize-in-uniunea-europeana","status":"publish","type":"post","link":"https:\/\/www.ipis.md\/en\/2024\/04\/26\/peste-2-milioane-de-cetateni-ai-republicii-moldova-au-calatorit-fara-vize-in-uniunea-europeana\/","title":{"rendered":"More than 2 million Moldovan citizens travelled visa-free to the European Union"},"content":{"rendered":"<p><strong>On 28 April, the Republic of Moldova marks ten years since the liberalisation of the visa regime with the European Union. During these 10 years, 2,156,882 citizens of the Republic of Moldova have travelled without a visa, using biometric passports, to the Schengen area, making 31,248,082 trips, i.e. an average of more than 15 trips per person over 10 years. At the same time, Moldovans financially avoided expenses of at least 270 million euro, which they would have had to pay for visa procedures<\/strong><\/p>\n<p>These are some of the conclusions of the press conference dedicated to the 10th anniversary of the EU-free regime, which was organised on Friday 26 April 2024 by the Institute for European Policies and Reforms (IPRE) and the Institute for Strategic Initiatives (IPIS), in collaboration with the European Information Centre &#8220;Europe Cafe&#8221;.<\/p>\n<p>According to the organisers, visa-free travel has opened up new opportunities for Moldovan citizens, giving them greater possibilities to explore Europe&#8217;s cultural diversity, visit their relatives and friends settled in EU Member States, as well as develop their knowledge and skills through participation in mobility and education programmes.<\/p>\n<p><strong>Iulian Groza, Executive Director IPRE<\/strong>: <em>Ten years of free travel regime with the European Union for millions of Moldovans meant the end of endless visa queues, the disappearance of criminalized networks of illegal passenger transport, the end of dangerous roads through mountains and forests that unfortunately many Moldovans have travelled to reach European countries trying to get there illegally. This benefit of being able to leave at any time to see parents or children, to see friends, loved ones, to go to a football match or to go on a trip, without having to spend time, money, wait 15 days for an answer and be nervous about whether or not you will get a visa, all these benefits cannot be measured in money or time.<\/em><\/p>\n<p><strong>Vadim Pistrinciuc, Executive Director of IPIS:<\/strong><em> We are glad that we don&#8217;t see lines at the single visa centre, at the embassies in Chisinau, that we don&#8217;t have any more news about people lied to by swindlers promising illegal entry into the Schengen area.<br \/>\nBut the European Union should not only be about free travel, the stage is coming when the European Union will be more present in Moldova. The integration process will bring investments, transformations, infrastructure and opportunities for businessmen, for specialists, for local communities to access funds, to grow, to expand in Moldova. The integration process makes the whole European Union market open for producers, craftsmen, artists, creative sector, tourism, sportsmen, transporters, service providers. It is the largest and most desirable market in the world.<\/em><\/p>\n<p>As a reminder, on 28 April 2014 the visa regime for citizens of the Republic of Moldova was liberalized by amending EU Regulation No 539\/2001, thus abolishing the short-stay visa requirement for Moldovan citizens, holders of biometric passports, travelling to the Schengen area.<\/p>\n<p>A full video of the press conference is available here:\u00a0<a href=\"https:\/\/www.facebook.com\/ipismoldova\/videos\/336218959108604\">https:\/\/www.facebook.com\/ipismoldova\/videos\/336218959108604<\/a><\/p>\n<p><img loading=\"lazy\" decoding=\"async\" class=\"alignnone size-medium wp-image-3637\" src=\"https:\/\/www.ipis.md\/wp-content\/uploads\/2024\/04\/566b383a-314f-47c8-8def-686bbba1cca0-300x200.jpg\" alt=\"\" width=\"300\" height=\"200\" srcset=\"https:\/\/www.ipis.md\/wp-content\/uploads\/2024\/04\/566b383a-314f-47c8-8def-686bbba1cca0-300x200.jpg 300w, https:\/\/www.ipis.md\/wp-content\/uploads\/2024\/04\/566b383a-314f-47c8-8def-686bbba1cca0-1024x683.jpg 1024w, https:\/\/www.ipis.md\/wp-content\/uploads\/2024\/04\/566b383a-314f-47c8-8def-686bbba1cca0-768x512.jpg 768w, https:\/\/www.ipis.md\/wp-content\/uploads\/2024\/04\/566b383a-314f-47c8-8def-686bbba1cca0.jpg 1360w\" sizes=\"auto, (max-width: 300px) 100vw, 300px\" \/> <img loading=\"lazy\" decoding=\"async\" class=\"alignnone size-medium wp-image-3636\" src=\"https:\/\/www.ipis.md\/wp-content\/uploads\/2024\/04\/79f49587-7c46-4fa9-b8e3-160db2d29f2b-300x200.jpg\" alt=\"\" width=\"300\" height=\"200\" srcset=\"https:\/\/www.ipis.md\/wp-content\/uploads\/2024\/04\/79f49587-7c46-4fa9-b8e3-160db2d29f2b-300x200.jpg 300w, https:\/\/www.ipis.md\/wp-content\/uploads\/2024\/04\/79f49587-7c46-4fa9-b8e3-160db2d29f2b-1024x683.jpg 1024w, https:\/\/www.ipis.md\/wp-content\/uploads\/2024\/04\/79f49587-7c46-4fa9-b8e3-160db2d29f2b-768x512.jpg 768w, https:\/\/www.ipis.md\/wp-content\/uploads\/2024\/04\/79f49587-7c46-4fa9-b8e3-160db2d29f2b.jpg 1360w\" sizes=\"auto, (max-width: 300px) 100vw, 300px\" \/><\/p>","protected":false},"excerpt":{"rendered":"<p>On 28 April, the Republic of Moldova marks ten years since the liberalisation of the visa regime with the European Union. During these 10 years, 2,156,882 citizens of the Republic of Moldova have travelled without a visa, using biometric passports, to the Schengen area, making 31,248,082 trips, i.e. an average of more than 15 trips per person over 10 years. At the same time, Moldovans financially avoided expenses of at least 270 million euro, which they would have had to pay for visa procedures.<\/p>\n","protected":false},"author":3,"featured_media":3635,"comment_status":"open","ping_status":"open","sticky":false,"template":"","format":"standard","meta":{"footnotes":""},"categories":[21,20],"tags":[],"class_list":["post-3634","post","type-post","status-publish","format-standard","has-post-thumbnail","hentry","category-evenimente","category-stiri"],"yoast_head":"<!-- This site is optimized with the Yoast SEO plugin v25.8 - https:\/\/yoast.com\/wordpress\/plugins\/seo\/ -->\n<title>More than 2 million Moldovan citizens travelled visa-free to the European Union - Institutul pentru Ini\u021biative Strategice<\/title>\n<meta name=\"robots\" content=\"index, follow, max-snippet:-1, max-image-preview:large, max-video-preview:-1\" \/>\n<link rel=\"canonical\" href=\"https:\/\/www.ipis.md\/2024\/04\/26\/peste-2-milioane-de-cetateni-ai-republicii-moldova-au-calatorit-fara-vize-in-uniunea-europeana\/\" \/>\n<meta property=\"og:locale\" content=\"en_US\" \/>\n<meta property=\"og:type\" content=\"article\" \/>\n<meta property=\"og:title\" content=\"More than 2 million Moldovan citizens travelled visa-free to the European Union - Institutul pentru Ini\u021biative Strategice\" \/>\n<meta property=\"og:description\" content=\"[:ro]Pe 28 aprilie Republica Moldova marcheaz\u0103 zece ani de la liberalizarea regimului de vize cu Uniunea European\u0103. Pe parcursul acestor 10 ani, au c\u0103l\u0103torit f\u0103r\u0103 viz\u0103, folosind pa\u0219aportul biometric, \u00een spa\u021biul Schengen 2 156 882 cet\u0103\u021beni ai Republicii Moldova, care au efectuat 31 248 082 c\u0103l\u0103torii, adic\u0103 \u00een medie peste 15 c\u0103l\u0103torii per persoan\u0103 \u00een decurs de 10 ani. Totodat\u0103, financiar moldovenii au evitat cheltuieli de minim 270 milioane de euro, pe care ar fi trebuit s\u0103 \u00eei achite pentru procedurile de ob\u021binere a vizelor.[:en]On 28 April, the Republic of Moldova marks ten years since the liberalisation of the visa regime with the European Union. During these 10 years, 2,156,882 citizens of the Republic of Moldova have travelled without a visa, using biometric passports, to the Schengen area, making 31,248,082 trips, i.e. an average of more than 15 trips per person over 10 years. At the same time, Moldovans financially avoided expenses of at least 270 million euro, which they would have had to pay for visa procedures. [:ru]28 \u0430\u043f\u0440\u0435\u043b\u044f \u0420\u0435\u0441\u043f\u0443\u0431\u043b\u0438\u043a\u0430 \u041c\u043e\u043b\u0434\u043e\u0432\u0430 \u043e\u0442\u043c\u0435\u0447\u0430\u0435\u0442 \u0434\u0435\u0441\u044f\u0442\u044c \u043b\u0435\u0442 \u0441\u043e \u0434\u043d\u044f \u043b\u0438\u0431\u0435\u0440\u0430\u043b\u0438\u0437\u0430\u0446\u0438\u0438 \u0432\u0438\u0437\u043e\u0432\u043e\u0433\u043e \u0440\u0435\u0436\u0438\u043c\u0430 \u0441 \u0415\u0432\u0440\u043e\u043f\u0435\u0439\u0441\u043a\u0438\u043c \u0441\u043e\u044e\u0437\u043e\u043c. \u0417\u0430 \u044d\u0442\u0438 10 \u043b\u0435\u0442 2 156 882 \u0433\u0440\u0430\u0436\u0434\u0430\u043d\u0438\u043d\u0430 \u0420\u0435\u0441\u043f\u0443\u0431\u043b\u0438\u043a\u0438 \u041c\u043e\u043b\u0434\u043e\u0432\u0430 \u0432\u043e\u0441\u043f\u043e\u043b\u044c\u0437\u043e\u0432\u0430\u043b\u0438\u0441\u044c \u0431\u0435\u0437\u0432\u0438\u0437\u043e\u0432\u044b\u043c \u0440\u0435\u0436\u0438\u043c\u043e\u043c \u0430 \u0428\u0435\u043d\u0433\u0435\u043d\u0441\u043a\u0443\u044e \u0437\u043e\u043d\u0443, \u0441\u043e\u0432\u0435\u0440\u0448\u0438\u0432 31 248 082 \u043f\u043e\u0435\u0437\u0434\u043a\u0438, \u0442\u043e \u0435\u0441\u0442\u044c \u0432 \u0441\u0440\u0435\u0434\u043d\u0435\u043c \u0431\u043e\u043b\u0435\u0435 15 \u043f\u043e\u0435\u0437\u0434\u043e\u043a \u043d\u0430 \u0447\u0435\u043b\u043e\u0432\u0435\u043a\u0430 \u0437\u0430 10 \u043b\u0435\u0442. \u0412 \u0442\u043e \u0436\u0435 \u0432\u0440\u0435\u043c\u044f \u043c\u043e\u043b\u0434\u0430\u0432\u0430\u043d\u0435 \u0438\u0437\u0431\u0435\u0436\u0430\u043b\u0438 \u0440\u0430\u0441\u0445\u043e\u0434\u043e\u0432 \u0432 \u0440\u0430\u0437\u043c\u0435\u0440\u0435 \u043d\u0435 \u043c\u0435\u043d\u0435\u0435 270 \u043c\u0438\u043b\u043b\u0438\u043e\u043d\u043e\u0432 \u0435\u0432\u0440\u043e, \u043a\u043e\u0442\u043e\u0440\u044b\u0435 \u0438\u043c \u043f\u0440\u0438\u0448\u043b\u043e\u0441\u044c \u0431\u044b \u0437\u0430\u043f\u043b\u0430\u0442\u0438\u0442\u044c \u0437\u0430 \u043e\u0444\u043e\u0440\u043c\u043b\u0435\u043d\u0438\u0435 \u0432\u0438\u0437.[:]\" \/>\n<meta property=\"og:url\" content=\"https:\/\/www.ipis.md\/2024\/04\/26\/peste-2-milioane-de-cetateni-ai-republicii-moldova-au-calatorit-fara-vize-in-uniunea-europeana\/\" \/>\n<meta property=\"og:site_name\" content=\"Institutul pentru Ini\u021biative Strategice\" \/>\n<meta property=\"article:publisher\" content=\"https:\/\/www.facebook.com\/ipismoldova\/\" \/>\n<meta property=\"article:published_time\" content=\"2024-04-26T12:00:57+00:00\" \/>\n<meta property=\"article:modified_time\" content=\"2024-04-26T12:01:59+00:00\" \/>\n<meta property=\"og:image\" content=\"https:\/\/www.ipis.md\/wp-content\/uploads\/2024\/04\/59ca9597-c565-4531-9270-d4cffefa5578.jpg\" \/>\n\t<meta property=\"og:image:width\" content=\"1360\" \/>\n\t<meta property=\"og:image:height\" content=\"907\" \/>\n\t<meta property=\"og:image:type\" content=\"image\/jpeg\" \/>\n<meta name=\"author\" content=\"LEVCENCO Maria\" \/>\n<meta name=\"twitter:card\" content=\"summary_large_image\" \/>\n<meta name=\"twitter:label1\" content=\"Written by\" \/>\n\t<meta name=\"twitter:data1\" content=\"LEVCENCO Maria\" \/>\n\t<meta name=\"twitter:label2\" content=\"Est. reading time\" \/>\n\t<meta name=\"twitter:data2\" content=\"5 minutes\" \/>\n<script type=\"application\/ld+json\" class=\"yoast-schema-graph\">{\"@context\":\"https:\/\/schema.org\",\"@graph\":[{\"@type\":\"WebPage\",\"@id\":\"https:\/\/www.ipis.md\/2024\/04\/26\/peste-2-milioane-de-cetateni-ai-republicii-moldova-au-calatorit-fara-vize-in-uniunea-europeana\/\",\"url\":\"https:\/\/www.ipis.md\/2024\/04\/26\/peste-2-milioane-de-cetateni-ai-republicii-moldova-au-calatorit-fara-vize-in-uniunea-europeana\/\",\"name\":\"More than 2 million Moldovan citizens travelled visa-free to the European Union - Institutul pentru Ini\u021biative Strategice\",\"isPartOf\":{\"@id\":\"https:\/\/www.ipis.md\/en\/#website\"},\"primaryImageOfPage\":{\"@id\":\"https:\/\/www.ipis.md\/2024\/04\/26\/peste-2-milioane-de-cetateni-ai-republicii-moldova-au-calatorit-fara-vize-in-uniunea-europeana\/#primaryimage\"},\"image\":{\"@id\":\"https:\/\/www.ipis.md\/2024\/04\/26\/peste-2-milioane-de-cetateni-ai-republicii-moldova-au-calatorit-fara-vize-in-uniunea-europeana\/#primaryimage\"},\"thumbnailUrl\":\"https:\/\/www.ipis.md\/wp-content\/uploads\/2024\/04\/59ca9597-c565-4531-9270-d4cffefa5578.jpg\",\"datePublished\":\"2024-04-26T12:00:57+00:00\",\"dateModified\":\"2024-04-26T12:01:59+00:00\",\"author\":{\"@id\":\"https:\/\/www.ipis.md\/en\/#\/schema\/person\/4ed62e6baa02693bda7ea90f8e0bc215\"},\"breadcrumb\":{\"@id\":\"https:\/\/www.ipis.md\/2024\/04\/26\/peste-2-milioane-de-cetateni-ai-republicii-moldova-au-calatorit-fara-vize-in-uniunea-europeana\/#breadcrumb\"},\"inLanguage\":\"en-US\",\"potentialAction\":[{\"@type\":\"ReadAction\",\"target\":[\"https:\/\/www.ipis.md\/2024\/04\/26\/peste-2-milioane-de-cetateni-ai-republicii-moldova-au-calatorit-fara-vize-in-uniunea-europeana\/\"]}]},{\"@type\":\"ImageObject\",\"inLanguage\":\"en-US\",\"@id\":\"https:\/\/www.ipis.md\/2024\/04\/26\/peste-2-milioane-de-cetateni-ai-republicii-moldova-au-calatorit-fara-vize-in-uniunea-europeana\/#primaryimage\",\"url\":\"https:\/\/www.ipis.md\/wp-content\/uploads\/2024\/04\/59ca9597-c565-4531-9270-d4cffefa5578.jpg\",\"contentUrl\":\"https:\/\/www.ipis.md\/wp-content\/uploads\/2024\/04\/59ca9597-c565-4531-9270-d4cffefa5578.jpg\",\"width\":1360,\"height\":907},{\"@type\":\"BreadcrumbList\",\"@id\":\"https:\/\/www.ipis.md\/2024\/04\/26\/peste-2-milioane-de-cetateni-ai-republicii-moldova-au-calatorit-fara-vize-in-uniunea-europeana\/#breadcrumb\",\"itemListElement\":[{\"@type\":\"ListItem\",\"position\":1,\"name\":\"Home\",\"item\":\"https:\/\/www.ipis.md\/en\/\"},{\"@type\":\"ListItem\",\"position\":2,\"name\":\"Peste 2 milioane de cet\u0103\u021beni ai Republicii Moldova au c\u0103l\u0103torit f\u0103r\u0103 vize \u00een Uniunea European\u0103\"}]},{\"@type\":\"WebSite\",\"@id\":\"https:\/\/www.ipis.md\/en\/#website\",\"url\":\"https:\/\/www.ipis.md\/en\/\",\"name\":\"Institutul pentru Ini\u021biative Strategice\",\"description\":\"\",\"potentialAction\":[{\"@type\":\"SearchAction\",\"target\":{\"@type\":\"EntryPoint\",\"urlTemplate\":\"https:\/\/www.ipis.md\/en\/?s={search_term_string}\"},\"query-input\":{\"@type\":\"PropertyValueSpecification\",\"valueRequired\":true,\"valueName\":\"search_term_string\"}}],\"inLanguage\":\"en-US\"},{\"@type\":\"Person\",\"@id\":\"https:\/\/www.ipis.md\/en\/#\/schema\/person\/4ed62e6baa02693bda7ea90f8e0bc215\",\"name\":\"LEVCENCO Maria\",\"image\":{\"@type\":\"ImageObject\",\"inLanguage\":\"en-US\",\"@id\":\"https:\/\/www.ipis.md\/en\/#\/schema\/person\/image\/\",\"url\":\"https:\/\/secure.gravatar.com\/avatar\/82af9ebf63acebbbb46c8425c44060b4b2a36e71a8d525b9018c43f79c1e97e7?s=96&d=mm&r=g\",\"contentUrl\":\"https:\/\/secure.gravatar.com\/avatar\/82af9ebf63acebbbb46c8425c44060b4b2a36e71a8d525b9018c43f79c1e97e7?s=96&d=mm&r=g\",\"caption\":\"LEVCENCO Maria\"},\"url\":\"https:\/\/www.ipis.md\/en\/author\/maria\/\"}]}<\/script>\n<!-- \/ Yoast SEO plugin. -->","yoast_head_json":{"title":"More than 2 million Moldovan citizens travelled visa-free to the European Union - Institutul pentru Ini\u021biative Strategice","robots":{"index":"index","follow":"follow","max-snippet":"max-snippet:-1","max-image-preview":"max-image-preview:large","max-video-preview":"max-video-preview:-1"},"canonical":"https:\/\/www.ipis.md\/2024\/04\/26\/peste-2-milioane-de-cetateni-ai-republicii-moldova-au-calatorit-fara-vize-in-uniunea-europeana\/","og_locale":"en_US","og_type":"article","og_title":"More than 2 million Moldovan citizens travelled visa-free to the European Union - Institutul pentru Ini\u021biative Strategice","og_description":"[:ro]Pe 28 aprilie Republica Moldova marcheaz\u0103 zece ani de la liberalizarea regimului de vize cu Uniunea European\u0103. Pe parcursul acestor 10 ani, au c\u0103l\u0103torit f\u0103r\u0103 viz\u0103, folosind pa\u0219aportul biometric, \u00een spa\u021biul Schengen 2 156 882 cet\u0103\u021beni ai Republicii Moldova, care au efectuat 31 248 082 c\u0103l\u0103torii, adic\u0103 \u00een medie peste 15 c\u0103l\u0103torii per persoan\u0103 \u00een decurs de 10 ani. Totodat\u0103, financiar moldovenii au evitat cheltuieli de minim 270 milioane de euro, pe care ar fi trebuit s\u0103 \u00eei achite pentru procedurile de ob\u021binere a vizelor.[:en]On 28 April, the Republic of Moldova marks ten years since the liberalisation of the visa regime with the European Union. During these 10 years, 2,156,882 citizens of the Republic of Moldova have travelled without a visa, using biometric passports, to the Schengen area, making 31,248,082 trips, i.e. an average of more than 15 trips per person over 10 years. At the same time, Moldovans financially avoided expenses of at least 270 million euro, which they would have had to pay for visa procedures. [:ru]28 \u0430\u043f\u0440\u0435\u043b\u044f \u0420\u0435\u0441\u043f\u0443\u0431\u043b\u0438\u043a\u0430 \u041c\u043e\u043b\u0434\u043e\u0432\u0430 \u043e\u0442\u043c\u0435\u0447\u0430\u0435\u0442 \u0434\u0435\u0441\u044f\u0442\u044c \u043b\u0435\u0442 \u0441\u043e \u0434\u043d\u044f \u043b\u0438\u0431\u0435\u0440\u0430\u043b\u0438\u0437\u0430\u0446\u0438\u0438 \u0432\u0438\u0437\u043e\u0432\u043e\u0433\u043e \u0440\u0435\u0436\u0438\u043c\u0430 \u0441 \u0415\u0432\u0440\u043e\u043f\u0435\u0439\u0441\u043a\u0438\u043c \u0441\u043e\u044e\u0437\u043e\u043c. \u0417\u0430 \u044d\u0442\u0438 10 \u043b\u0435\u0442 2 156 882 \u0433\u0440\u0430\u0436\u0434\u0430\u043d\u0438\u043d\u0430 \u0420\u0435\u0441\u043f\u0443\u0431\u043b\u0438\u043a\u0438 \u041c\u043e\u043b\u0434\u043e\u0432\u0430 \u0432\u043e\u0441\u043f\u043e\u043b\u044c\u0437\u043e\u0432\u0430\u043b\u0438\u0441\u044c \u0431\u0435\u0437\u0432\u0438\u0437\u043e\u0432\u044b\u043c \u0440\u0435\u0436\u0438\u043c\u043e\u043c \u0430 \u0428\u0435\u043d\u0433\u0435\u043d\u0441\u043a\u0443\u044e \u0437\u043e\u043d\u0443, \u0441\u043e\u0432\u0435\u0440\u0448\u0438\u0432 31 248 082 \u043f\u043e\u0435\u0437\u0434\u043a\u0438, \u0442\u043e \u0435\u0441\u0442\u044c \u0432 \u0441\u0440\u0435\u0434\u043d\u0435\u043c \u0431\u043e\u043b\u0435\u0435 15 \u043f\u043e\u0435\u0437\u0434\u043e\u043a \u043d\u0430 \u0447\u0435\u043b\u043e\u0432\u0435\u043a\u0430 \u0437\u0430 10 \u043b\u0435\u0442. \u0412 \u0442\u043e \u0436\u0435 \u0432\u0440\u0435\u043c\u044f \u043c\u043e\u043b\u0434\u0430\u0432\u0430\u043d\u0435 \u0438\u0437\u0431\u0435\u0436\u0430\u043b\u0438 \u0440\u0430\u0441\u0445\u043e\u0434\u043e\u0432 \u0432 \u0440\u0430\u0437\u043c\u0435\u0440\u0435 \u043d\u0435 \u043c\u0435\u043d\u0435\u0435 270 \u043c\u0438\u043b\u043b\u0438\u043e\u043d\u043e\u0432 \u0435\u0432\u0440\u043e, \u043a\u043e\u0442\u043e\u0440\u044b\u0435 \u0438\u043c \u043f\u0440\u0438\u0448\u043b\u043e\u0441\u044c \u0431\u044b \u0437\u0430\u043f\u043b\u0430\u0442\u0438\u0442\u044c \u0437\u0430 \u043e\u0444\u043e\u0440\u043c\u043b\u0435\u043d\u0438\u0435 \u0432\u0438\u0437.[:]","og_url":"https:\/\/www.ipis.md\/2024\/04\/26\/peste-2-milioane-de-cetateni-ai-republicii-moldova-au-calatorit-fara-vize-in-uniunea-europeana\/","og_site_name":"Institutul pentru Ini\u021biative Strategice","article_publisher":"https:\/\/www.facebook.com\/ipismoldova\/","article_published_time":"2024-04-26T12:00:57+00:00","article_modified_time":"2024-04-26T12:01:59+00:00","og_image":[{"width":1360,"height":907,"url":"https:\/\/www.ipis.md\/wp-content\/uploads\/2024\/04\/59ca9597-c565-4531-9270-d4cffefa5578.jpg","type":"image\/jpeg"}],"author":"LEVCENCO Maria","twitter_card":"summary_large_image","twitter_misc":{"Written by":"LEVCENCO Maria","Est. reading time":"5 minutes"},"schema":{"@context":"https:\/\/schema.org","@graph":[{"@type":"WebPage","@id":"https:\/\/www.ipis.md\/2024\/04\/26\/peste-2-milioane-de-cetateni-ai-republicii-moldova-au-calatorit-fara-vize-in-uniunea-europeana\/","url":"https:\/\/www.ipis.md\/2024\/04\/26\/peste-2-milioane-de-cetateni-ai-republicii-moldova-au-calatorit-fara-vize-in-uniunea-europeana\/","name":"More than 2 million Moldovan citizens travelled visa-free to the European Union - Institutul pentru Ini\u021biative Strategice","isPartOf":{"@id":"https:\/\/www.ipis.md\/en\/#website"},"primaryImageOfPage":{"@id":"https:\/\/www.ipis.md\/2024\/04\/26\/peste-2-milioane-de-cetateni-ai-republicii-moldova-au-calatorit-fara-vize-in-uniunea-europeana\/#primaryimage"},"image":{"@id":"https:\/\/www.ipis.md\/2024\/04\/26\/peste-2-milioane-de-cetateni-ai-republicii-moldova-au-calatorit-fara-vize-in-uniunea-europeana\/#primaryimage"},"thumbnailUrl":"https:\/\/www.ipis.md\/wp-content\/uploads\/2024\/04\/59ca9597-c565-4531-9270-d4cffefa5578.jpg","datePublished":"2024-04-26T12:00:57+00:00","dateModified":"2024-04-26T12:01:59+00:00","author":{"@id":"https:\/\/www.ipis.md\/en\/#\/schema\/person\/4ed62e6baa02693bda7ea90f8e0bc215"},"breadcrumb":{"@id":"https:\/\/www.ipis.md\/2024\/04\/26\/peste-2-milioane-de-cetateni-ai-republicii-moldova-au-calatorit-fara-vize-in-uniunea-europeana\/#breadcrumb"},"inLanguage":"en-US","potentialAction":[{"@type":"ReadAction","target":["https:\/\/www.ipis.md\/2024\/04\/26\/peste-2-milioane-de-cetateni-ai-republicii-moldova-au-calatorit-fara-vize-in-uniunea-europeana\/"]}]},{"@type":"ImageObject","inLanguage":"en-US","@id":"https:\/\/www.ipis.md\/2024\/04\/26\/peste-2-milioane-de-cetateni-ai-republicii-moldova-au-calatorit-fara-vize-in-uniunea-europeana\/#primaryimage","url":"https:\/\/www.ipis.md\/wp-content\/uploads\/2024\/04\/59ca9597-c565-4531-9270-d4cffefa5578.jpg","contentUrl":"https:\/\/www.ipis.md\/wp-content\/uploads\/2024\/04\/59ca9597-c565-4531-9270-d4cffefa5578.jpg","width":1360,"height":907},{"@type":"BreadcrumbList","@id":"https:\/\/www.ipis.md\/2024\/04\/26\/peste-2-milioane-de-cetateni-ai-republicii-moldova-au-calatorit-fara-vize-in-uniunea-europeana\/#breadcrumb","itemListElement":[{"@type":"ListItem","position":1,"name":"Home","item":"https:\/\/www.ipis.md\/en\/"},{"@type":"ListItem","position":2,"name":"Peste 2 milioane de cet\u0103\u021beni ai Republicii Moldova au c\u0103l\u0103torit f\u0103r\u0103 vize \u00een Uniunea European\u0103"}]},{"@type":"WebSite","@id":"https:\/\/www.ipis.md\/en\/#website","url":"https:\/\/www.ipis.md\/en\/","name":"Institutul pentru Ini\u021biative Strategice","description":"","potentialAction":[{"@type":"SearchAction","target":{"@type":"EntryPoint","urlTemplate":"https:\/\/www.ipis.md\/en\/?s={search_term_string}"},"query-input":{"@type":"PropertyValueSpecification","valueRequired":true,"valueName":"search_term_string"}}],"inLanguage":"en-US"},{"@type":"Person","@id":"https:\/\/www.ipis.md\/en\/#\/schema\/person\/4ed62e6baa02693bda7ea90f8e0bc215","name":"LEVCENCO Maria","image":{"@type":"ImageObject","inLanguage":"en-US","@id":"https:\/\/www.ipis.md\/en\/#\/schema\/person\/image\/","url":"https:\/\/secure.gravatar.com\/avatar\/82af9ebf63acebbbb46c8425c44060b4b2a36e71a8d525b9018c43f79c1e97e7?s=96&d=mm&r=g","contentUrl":"https:\/\/secure.gravatar.com\/avatar\/82af9ebf63acebbbb46c8425c44060b4b2a36e71a8d525b9018c43f79c1e97e7?s=96&d=mm&r=g","caption":"LEVCENCO Maria"},"url":"https:\/\/www.ipis.md\/en\/author\/maria\/"}]}},"_links":{"self":[{"href":"https:\/\/www.ipis.md\/en\/wp-json\/wp\/v2\/posts\/3634","targetHints":{"allow":["GET"]}}],"collection":[{"href":"https:\/\/www.ipis.md\/en\/wp-json\/wp\/v2\/posts"}],"about":[{"href":"https:\/\/www.ipis.md\/en\/wp-json\/wp\/v2\/types\/post"}],"author":[{"embeddable":true,"href":"https:\/\/www.ipis.md\/en\/wp-json\/wp\/v2\/users\/3"}],"replies":[{"embeddable":true,"href":"https:\/\/www.ipis.md\/en\/wp-json\/wp\/v2\/comments?post=3634"}],"version-history":[{"count":2,"href":"https:\/\/www.ipis.md\/en\/wp-json\/wp\/v2\/posts\/3634\/revisions"}],"predecessor-version":[{"id":3639,"href":"https:\/\/www.ipis.md\/en\/wp-json\/wp\/v2\/posts\/3634\/revisions\/3639"}],"wp:featuredmedia":[{"embeddable":true,"href":"https:\/\/www.ipis.md\/en\/wp-json\/wp\/v2\/media\/3635"}],"wp:attachment":[{"href":"https:\/\/www.ipis.md\/en\/wp-json\/wp\/v2\/media?parent=3634"}],"wp:term":[{"taxonomy":"category","embeddable":true,"href":"https:\/\/www.ipis.md\/en\/wp-json\/wp\/v2\/categories?post=3634"},{"taxonomy":"post_tag","embeddable":true,"href":"https:\/\/www.ipis.md\/en\/wp-json\/wp\/v2\/tags?post=3634"}],"curies":[{"name":"wp","href":"https:\/\/api.w.org\/{rel}","templated":true}]}}